{"id":32167,"date":"2026-09-03T11:06:11","date_gmt":"2026-09-03T17:06:11","guid":{"rendered":"https:\/\/elmetidosv.com\/?p=32167"},"modified":"2026-09-03T11:06:11","modified_gmt":"2026-09-03T17:06:11","slug":"condenaron-a-tres-personas-por-la-muerte-de-un-recien-nacido","status":"publish","type":"post","link":"https:\/\/elmetidosv.com\/?p=32167","title":{"rendered":"CONDENARON A TRES PERSONAS POR LA MUERTE DE UN RECI\u00c9N NACIDO"},"content":{"rendered":"\n<p>El <strong>Tribunal Quinto de Sentencia de San Salvador<\/strong> conden\u00f3 a <strong>45 a\u00f1os de prisi\u00f3n<\/strong> a <strong>Maritza Yesenia Mart\u00ednez Ponce<\/strong>, de 19 a\u00f1os, y <strong>Marta Alicia Ponce Carrillo<\/strong>, de 44, por el delito de homicidio agravado en perjuicio de un reci\u00e9n nacido.<\/p>\n\n\n\n<p>Asimismo, <strong>Misael Alexander Garc\u00eda Ponce<\/strong>, de 25 a\u00f1os, recibi\u00f3 una condena de <strong>35 a\u00f1os de prisi\u00f3n<\/strong> por el mismo delito.<\/p>\n\n\n\n<p>De acuerdo con las investigaciones presentadas durante el proceso, los hechos ocurrieron el <strong>3 de julio de 2025<\/strong>, en una vivienda ubicada en el cant\u00f3n Las \u00c1nimas, distrito de San Mart\u00edn. La Fiscal\u00eda present\u00f3 pruebas con las que estableci\u00f3 que el beb\u00e9 naci\u00f3 con vida y que posteriormente las personas involucradas habr\u00edan intentado ocultar lo sucedido.<\/p>\n\n\n\n<p>Durante el juicio tambi\u00e9n se conoci\u00f3 que un pastor fue llamado al lugar para realizar una oraci\u00f3n y que no inform\u00f3 a las autoridades sobre lo ocurrido. Por este hecho, fue condenado a <strong>un a\u00f1o de prisi\u00f3n<\/strong> por el delito de omisi\u00f3n del deber de poner en conocimiento determinados delitos. Sin embargo, la pena fue reemplazada por <strong>trabajos de utilidad p\u00fablica<\/strong>.<\/p>\n\n\n\n<p>La sentencia fue emitida luego de que el tribunal valorara las pruebas presentadas durante el proceso judicial.<\/p>\n","protected":false},"excerpt":{"rendered":"<p>El Tribunal Quinto de Sentencia de San Salvador conden\u00f3 a 45 a\u00f1os de prisi\u00f3n a Maritza Yesenia Mart\u00ednez Ponce, de<\/p>\n","protected":false},"author":2,"featured_media":32168,"comment_status":"closed","ping_status":"","sticky":false,"template":"","format":"standard","meta":{"colormag_page_container_layout":"default_layout","colormag_page_sidebar_layout":"default_layout","footnotes":""},"categories":[1],"tags":[364,363,362,447,82,14934,14933,14932,10413,4089,349,159,384,126,44,14935,10311],"class_list":["post-32167","post","type-post","status-publish","format-standard","has-post-thumbnail","hentry","category-nacional","tag-condena","tag-fgr","tag-fiscalia-general-de-la-republica","tag-homicidio-agravado","tag-justicia","tag-maritza-yesenia-martinez-ponce","tag-marta-alicia-ponce-carrillo","tag-misael-alexander-garcia-ponce","tag-noticias-nacionales-2","tag-prision","tag-proceso-judicial","tag-recien-nacido","tag-san-martin","tag-san-salvador","tag-sentencia","tag-sentencia-judicial-tags-el-salvador-2","tag-tribunal-quinto-de-sentencia"],"_links":{"self":[{"href":"https:\/\/elmetidosv.com\/index.php?rest_route=\/wp\/v2\/posts\/32167","targetHints":{"allow":["GET"]}}],"collection":[{"href":"https:\/\/elmetidosv.com\/index.php?rest_route=\/wp\/v2\/posts"}],"about":[{"href":"https:\/\/elmetidosv.com\/index.php?rest_route=\/wp\/v2\/types\/post"}],"author":[{"embeddable":true,"href":"https:\/\/elmetidosv.com\/index.php?rest_route=\/wp\/v2\/users\/2"}],"replies":[{"embeddable":true,"href":"https:\/\/elmetidosv.com\/index.php?rest_route=%2Fwp%2Fv2%2Fcomments&post=32167"}],"version-history":[{"count":1,"href":"https:\/\/elmetidosv.com\/index.php?rest_route=\/wp\/v2\/posts\/32167\/revisions"}],"predecessor-version":[{"id":32169,"href":"https:\/\/elmetidosv.com\/index.php?rest_route=\/wp\/v2\/posts\/32167\/revisions\/32169"}],"wp:featuredmedia":[{"embeddable":true,"href":"https:\/\/elmetidosv.com\/index.php?rest_route=\/wp\/v2\/media\/32168"}],"wp:attachment":[{"href":"https:\/\/elmetidosv.com\/index.php?rest_route=%2Fwp%2Fv2%2Fmedia&parent=32167"}],"wp:term":[{"taxonomy":"category","embeddable":true,"href":"https:\/\/elmetidosv.com\/index.php?rest_route=%2Fwp%2Fv2%2Fcategories&post=32167"},{"taxonomy":"post_tag","embeddable":true,"href":"https:\/\/elmetidosv.com\/index.php?rest_route=%2Fwp%2Fv2%2Ftags&post=32167"}],"curies":[{"name":"wp","href":"https:\/\/api.w.org\/{rel}","templated":true}]}}