{"id":32146,"date":"2026-09-03T09:04:35","date_gmt":"2026-09-03T15:04:35","guid":{"rendered":"https:\/\/elmetidosv.com\/?p=32146"},"modified":"2026-09-03T09:04:35","modified_gmt":"2026-09-03T15:04:35","slug":"alcalde-gustavo-acevedo-recibe-al-embajador-de-israel-y-destacan-avances-en-seguridad-y-tecnologia","status":"publish","type":"post","link":"https:\/\/elmetidosv.com\/?p=32146","title":{"rendered":"ALCALDE GUSTAVO ACEVEDO RECIBE AL EMBAJADOR DE ISRAEL Y DESTACAN AVANCES EN SEGURIDAD Y TECNOLOG\u00cdA"},"content":{"rendered":"\n<figure class=\"wp-block-gallery has-nested-images columns-default is-cropped wp-block-gallery-1 is-layout-flex wp-block-gallery-is-layout-flex\">\n<figure class=\"wp-block-image size-large\"><img loading=\"lazy\" decoding=\"async\" width=\"1024\" height=\"682\" data-id=\"32148\" src=\"https:\/\/elmetidosv.com\/wp-content\/uploads\/2026\/09\/santa-2-1024x682.jpg\" alt=\"\" class=\"wp-image-32148\" srcset=\"https:\/\/elmetidosv.com\/wp-content\/uploads\/2026\/09\/santa-2-1024x682.jpg 1024w, https:\/\/elmetidosv.com\/wp-content\/uploads\/2026\/09\/santa-2-300x200.jpg 300w, https:\/\/elmetidosv.com\/wp-content\/uploads\/2026\/09\/santa-2-768x512.jpg 768w, https:\/\/elmetidosv.com\/wp-content\/uploads\/2026\/09\/santa-2-1536x1023.jpg 1536w, https:\/\/elmetidosv.com\/wp-content\/uploads\/2026\/09\/santa-2.jpg 1600w\" sizes=\"auto, (max-width: 1024px) 100vw, 1024px\" \/><\/figure>\n<\/figure>\n\n\n\n<p>El alcalde de Santa Ana Centro, <strong>Gustavo Acevedo<\/strong>, recibi\u00f3 este mi\u00e9rcoles al embajador de Israel para Guatemala y El Salvador, <strong>Alon Lavi<\/strong>, con quien sostuvo un encuentro para abordar los avances alcanzados por el municipio en materia de seguridad y tecnolog\u00eda.<\/p>\n\n\n\n<p>Durante la reuni\u00f3n, Acevedo present\u00f3 al diplom\u00e1tico los principales avances del <strong>Sistema de Videovigilancia de Santa Ana Centro<\/strong>, herramienta implementada como parte de las acciones municipales orientadas a fortalecer la seguridad y modernizar los recursos tecnol\u00f3gicos al servicio de la poblaci\u00f3n.<\/p>\n\n\n\n<figure class=\"wp-block-gallery has-nested-images columns-default is-cropped wp-block-gallery-2 is-layout-flex wp-block-gallery-is-layout-flex\">\n<figure class=\"wp-block-image size-large\"><img loading=\"lazy\" decoding=\"async\" width=\"1024\" height=\"682\" data-id=\"32149\" src=\"https:\/\/elmetidosv.com\/wp-content\/uploads\/2026\/09\/santa-3-1024x682.jpg\" alt=\"\" class=\"wp-image-32149\" srcset=\"https:\/\/elmetidosv.com\/wp-content\/uploads\/2026\/09\/santa-3-1024x682.jpg 1024w, https:\/\/elmetidosv.com\/wp-content\/uploads\/2026\/09\/santa-3-300x200.jpg 300w, https:\/\/elmetidosv.com\/wp-content\/uploads\/2026\/09\/santa-3-768x512.jpg 768w, https:\/\/elmetidosv.com\/wp-content\/uploads\/2026\/09\/santa-3-1536x1023.jpg 1536w, https:\/\/elmetidosv.com\/wp-content\/uploads\/2026\/09\/santa-3.jpg 1600w\" sizes=\"auto, (max-width: 1024px) 100vw, 1024px\" \/><\/figure>\n<\/figure>\n\n\n\n<p>Como parte de la visita, el alcalde y el embajador Alon Lavi realizaron un recorrido por el <strong>Teatro Nacional de Santa Ana<\/strong>, donde el representante de Israel conoci\u00f3 parte del patrimonio hist\u00f3rico, cultural y arquitect\u00f3nico de la ciudad.<\/p>\n\n\n\n<p>Acevedo destac\u00f3 que este tipo de acercamientos contribuyen al fortalecimiento de la cooperaci\u00f3n internacional y permiten explorar nuevas alianzas para impulsar proyectos relacionados con <strong>innovaci\u00f3n, seguridad, tecnolog\u00eda y desarrollo<\/strong> en Santa Ana Centro.<\/p>\n\n\n\n<figure class=\"wp-block-gallery has-nested-images columns-default is-cropped wp-block-gallery-3 is-layout-flex wp-block-gallery-is-layout-flex\">\n<figure class=\"wp-block-image size-large\"><img loading=\"lazy\" decoding=\"async\" width=\"630\" height=\"786\" data-id=\"32150\" src=\"https:\/\/elmetidosv.com\/wp-content\/uploads\/2026\/09\/santa-4.jpg\" alt=\"\" class=\"wp-image-32150\" srcset=\"https:\/\/elmetidosv.com\/wp-content\/uploads\/2026\/09\/santa-4.jpg 630w, https:\/\/elmetidosv.com\/wp-content\/uploads\/2026\/09\/santa-4-240x300.jpg 240w\" sizes=\"auto, (max-width: 630px) 100vw, 630px\" \/><\/figure>\n<\/figure>\n\n\n\n<figure class=\"wp-block-gallery has-nested-images columns-default is-cropped wp-block-gallery-4 is-layout-flex wp-block-gallery-is-layout-flex\">\n<figure class=\"wp-block-image size-large\"><img loading=\"lazy\" decoding=\"async\" width=\"792\" height=\"991\" data-id=\"32151\" src=\"https:\/\/elmetidosv.com\/wp-content\/uploads\/2026\/09\/santa-5.jpg\" alt=\"\" class=\"wp-image-32151\" srcset=\"https:\/\/elmetidosv.com\/wp-content\/uploads\/2026\/09\/santa-5.jpg 792w, https:\/\/elmetidosv.com\/wp-content\/uploads\/2026\/09\/santa-5-240x300.jpg 240w, https:\/\/elmetidosv.com\/wp-content\/uploads\/2026\/09\/santa-5-768x961.jpg 768w\" sizes=\"auto, (max-width: 792px) 100vw, 792px\" \/><\/figure>\n<\/figure>\n","protected":false},"excerpt":{"rendered":"<p>El alcalde de Santa Ana Centro, Gustavo Acevedo, recibi\u00f3 este mi\u00e9rcoles al embajador de Israel para Guatemala y El Salvador,<\/p>\n","protected":false},"author":2,"featured_media":32147,"comment_status":"closed","ping_status":"","sticky":false,"template":"","format":"standard","meta":{"colormag_page_container_layout":"default_layout","colormag_page_sidebar_layout":"default_layout","footnotes":""},"categories":[1],"tags":[14908,94,2500,14911,9006,14910,13710,7621,4169,7858,552,93,14909,14912,5887,3850],"class_list":["post-32146","post","type-post","status-publish","format-standard","has-post-thumbnail","hentry","category-nacional","tag-alon-lavi","tag-cooperacion-internacional","tag-desarrollo","tag-desarrollo-municipal-tags-santa-ana-centro","tag-el-salvador-2","tag-embajador-de-israel","tag-gustavo-acevedo","tag-innovacion","tag-israel","tag-municipalidad","tag-santa-ana-centro","tag-seguridad","tag-sistema-de-videovigilancia","tag-teatro-nacional-de-santa-ana","tag-tecnologia","tag-videovigilancia"],"_links":{"self":[{"href":"https:\/\/elmetidosv.com\/index.php?rest_route=\/wp\/v2\/posts\/32146","targetHints":{"allow":["GET"]}}],"collection":[{"href":"https:\/\/elmetidosv.com\/index.php?rest_route=\/wp\/v2\/posts"}],"about":[{"href":"https:\/\/elmetidosv.com\/index.php?rest_route=\/wp\/v2\/types\/post"}],"author":[{"embeddable":true,"href":"https:\/\/elmetidosv.com\/index.php?rest_route=\/wp\/v2\/users\/2"}],"replies":[{"embeddable":true,"href":"https:\/\/elmetidosv.com\/index.php?rest_route=%2Fwp%2Fv2%2Fcomments&post=32146"}],"version-history":[{"count":1,"href":"https:\/\/elmetidosv.com\/index.php?rest_route=\/wp\/v2\/posts\/32146\/revisions"}],"predecessor-version":[{"id":32152,"href":"https:\/\/elmetidosv.com\/index.php?rest_route=\/wp\/v2\/posts\/32146\/revisions\/32152"}],"wp:featuredmedia":[{"embeddable":true,"href":"https:\/\/elmetidosv.com\/index.php?rest_route=\/wp\/v2\/media\/32147"}],"wp:attachment":[{"href":"https:\/\/elmetidosv.com\/index.php?rest_route=%2Fwp%2Fv2%2Fmedia&parent=32146"}],"wp:term":[{"taxonomy":"category","embeddable":true,"href":"https:\/\/elmetidosv.com\/index.php?rest_route=%2Fwp%2Fv2%2Fcategories&post=32146"},{"taxonomy":"post_tag","embeddable":true,"href":"https:\/\/elmetidosv.com\/index.php?rest_route=%2Fwp%2Fv2%2Ftags&post=32146"}],"curies":[{"name":"wp","href":"https:\/\/api.w.org\/{rel}","templated":true}]}}