{"id":32137,"date":"2026-09-03T08:42:10","date_gmt":"2026-09-03T14:42:10","guid":{"rendered":"https:\/\/elmetidosv.com\/?p=32137"},"modified":"2026-09-03T08:42:10","modified_gmt":"2026-09-03T14:42:10","slug":"accidente-entre-mototaxi-y-pick-up-deja-cuatro-lesionados-en-jujutla","status":"publish","type":"post","link":"https:\/\/elmetidosv.com\/?p=32137","title":{"rendered":"ACCIDENTE ENTRE MOTOTAXI Y PICK UP DEJA CUATRO LESIONADOS EN JUJUTLA"},"content":{"rendered":"\n<figure class=\"wp-block-gallery has-nested-images columns-default is-cropped wp-block-gallery-1 is-layout-flex wp-block-gallery-is-layout-flex\">\n<figure class=\"wp-block-image size-large\"><img loading=\"lazy\" decoding=\"async\" width=\"1024\" height=\"748\" data-id=\"32139\" src=\"https:\/\/elmetidosv.com\/wp-content\/uploads\/2026\/09\/qute-2-1024x748.jpg\" alt=\"\" class=\"wp-image-32139\" srcset=\"https:\/\/elmetidosv.com\/wp-content\/uploads\/2026\/09\/qute-2-1024x748.jpg 1024w, https:\/\/elmetidosv.com\/wp-content\/uploads\/2026\/09\/qute-2-300x219.jpg 300w, https:\/\/elmetidosv.com\/wp-content\/uploads\/2026\/09\/qute-2-768x561.jpg 768w, https:\/\/elmetidosv.com\/wp-content\/uploads\/2026\/09\/qute-2.jpg 1470w\" sizes=\"auto, (max-width: 1024px) 100vw, 1024px\" \/><\/figure>\n<\/figure>\n\n\n\n<p>Cuatro personas resultaron lesionadas tras un accidente de tr\u00e1nsito registrado este mi\u00e9rcoles en la calle que conduce hacia <strong>San Jos\u00e9 El Naranjo<\/strong>, en el distrito de Jujutla, Ahuachap\u00e1n Sur.<\/p>\n\n\n\n<p>En el percance estuvieron involucrados un veh\u00edculo tipo <strong>Qute, utilizado como mototaxi, y un pick up<\/strong>. De acuerdo con la informaci\u00f3n preliminar proporcionada, el conductor del pick up habr\u00eda realizado una maniobra imprudente que provoc\u00f3 la colisi\u00f3n.<\/p>\n\n\n\n<p>Las cuatro personas afectadas recibieron asistencia tras presentar diferentes lesiones. Equipos de emergencia se desplazaron hasta el lugar para atender a los involucrados.<\/p>\n\n\n\n<p>Las autoridades correspondientes realizan las diligencias para establecer las circunstancias exactas del accidente y determinar las responsabilidades respectivas.<\/p>\n\n\n\n<p>PUBLICIDAD <\/p>\n\n\n\n<figure class=\"wp-block-gallery has-nested-images columns-default is-cropped wp-block-gallery-2 is-layout-flex wp-block-gallery-is-layout-flex\">\n<figure class=\"wp-block-image size-large\"><img loading=\"lazy\" decoding=\"async\" width=\"957\" height=\"960\" data-id=\"27126\" src=\"https:\/\/elmetidosv.com\/wp-content\/uploads\/2026\/05\/2D-AZUCAR.jpg\" alt=\"\" class=\"wp-image-27126\" srcset=\"https:\/\/elmetidosv.com\/wp-content\/uploads\/2026\/05\/2D-AZUCAR.jpg 957w, https:\/\/elmetidosv.com\/wp-content\/uploads\/2026\/05\/2D-AZUCAR-300x300.jpg 300w, https:\/\/elmetidosv.com\/wp-content\/uploads\/2026\/05\/2D-AZUCAR-150x150.jpg 150w, https:\/\/elmetidosv.com\/wp-content\/uploads\/2026\/05\/2D-AZUCAR-768x770.jpg 768w\" sizes=\"auto, (max-width: 957px) 100vw, 957px\" \/><\/figure>\n<\/figure>\n","protected":false},"excerpt":{"rendered":"<p>Cuatro personas resultaron lesionadas tras un accidente de tr\u00e1nsito registrado este mi\u00e9rcoles en la calle que conduce hacia San Jos\u00e9<\/p>\n","protected":false},"author":2,"featured_media":32138,"comment_status":"closed","ping_status":"","sticky":false,"template":"","format":"standard","meta":{"colormag_page_container_layout":"default_layout","colormag_page_sidebar_layout":"default_layout","footnotes":""},"categories":[1],"tags":[261,110,139,40,1293,14899,14900,330,1292,860,5057,12548,919,9121,14898,120],"class_list":["post-32137","post","type-post","status-publish","format-standard","has-post-thumbnail","hentry","category-nacional","tag-accidente","tag-accidente-de-transito","tag-accidente-vial","tag-ahuachapan","tag-ahuachapan-sur","tag-cuatro-lesionados","tag-el-salvador-tags-jujutla","tag-emergencia","tag-jujutla","tag-lesionados","tag-mototaxi","tag-noticias-de-el-salvador-2","tag-pick-up-2","tag-qute","tag-san-jose-el-naranjo","tag-transito"],"_links":{"self":[{"href":"https:\/\/elmetidosv.com\/index.php?rest_route=\/wp\/v2\/posts\/32137","targetHints":{"allow":["GET"]}}],"collection":[{"href":"https:\/\/elmetidosv.com\/index.php?rest_route=\/wp\/v2\/posts"}],"about":[{"href":"https:\/\/elmetidosv.com\/index.php?rest_route=\/wp\/v2\/types\/post"}],"author":[{"embeddable":true,"href":"https:\/\/elmetidosv.com\/index.php?rest_route=\/wp\/v2\/users\/2"}],"replies":[{"embeddable":true,"href":"https:\/\/elmetidosv.com\/index.php?rest_route=%2Fwp%2Fv2%2Fcomments&post=32137"}],"version-history":[{"count":1,"href":"https:\/\/elmetidosv.com\/index.php?rest_route=\/wp\/v2\/posts\/32137\/revisions"}],"predecessor-version":[{"id":32140,"href":"https:\/\/elmetidosv.com\/index.php?rest_route=\/wp\/v2\/posts\/32137\/revisions\/32140"}],"wp:featuredmedia":[{"embeddable":true,"href":"https:\/\/elmetidosv.com\/index.php?rest_route=\/wp\/v2\/media\/32138"}],"wp:attachment":[{"href":"https:\/\/elmetidosv.com\/index.php?rest_route=%2Fwp%2Fv2%2Fmedia&parent=32137"}],"wp:term":[{"taxonomy":"category","embeddable":true,"href":"https:\/\/elmetidosv.com\/index.php?rest_route=%2Fwp%2Fv2%2Fcategories&post=32137"},{"taxonomy":"post_tag","embeddable":true,"href":"https:\/\/elmetidosv.com\/index.php?rest_route=%2Fwp%2Fv2%2Ftags&post=32137"}],"curies":[{"name":"wp","href":"https:\/\/api.w.org\/{rel}","templated":true}]}}