{"id":32133,"date":"2026-09-03T08:22:16","date_gmt":"2026-09-03T14:22:16","guid":{"rendered":"https:\/\/elmetidosv.com\/?p=32133"},"modified":"2026-09-03T08:22:16","modified_gmt":"2026-09-03T14:22:16","slug":"rayo-impacta-a-mujer-que-viajaba-en-motocicleta-y-le-causa-la-muerte-en-guatemala","status":"publish","type":"post","link":"https:\/\/elmetidosv.com\/?p=32133","title":{"rendered":"RAYO IMPACTA A MUJER QUE VIAJABA EN MOTOCICLETA Y LE CAUSA LA MUERTE EN GUATEMALA"},"content":{"rendered":"\n<figure class=\"wp-block-gallery has-nested-images columns-default is-cropped wp-block-gallery-1 is-layout-flex wp-block-gallery-is-layout-flex\">\n<figure class=\"wp-block-image size-large\"><img loading=\"lazy\" decoding=\"async\" width=\"1024\" height=\"575\" data-id=\"32135\" src=\"https:\/\/elmetidosv.com\/wp-content\/uploads\/2026\/09\/rayo-3-1024x575.jpg\" alt=\"\" class=\"wp-image-32135\" srcset=\"https:\/\/elmetidosv.com\/wp-content\/uploads\/2026\/09\/rayo-3-1024x575.jpg 1024w, https:\/\/elmetidosv.com\/wp-content\/uploads\/2026\/09\/rayo-3-300x169.jpg 300w, https:\/\/elmetidosv.com\/wp-content\/uploads\/2026\/09\/rayo-3-768x431.jpg 768w, https:\/\/elmetidosv.com\/wp-content\/uploads\/2026\/09\/rayo-3.jpg 1424w\" sizes=\"auto, (max-width: 1024px) 100vw, 1024px\" \/><\/figure>\n<\/figure>\n\n\n\n<p>Una mujer de 33 a\u00f1os perdi\u00f3 la vida luego de ser alcanzada por un rayo mientras se desplazaba en motocicleta por una ruta alterna en <strong>Santo Domingo Suchitep\u00e9quez, Guatemala<\/strong>.<\/p>\n\n\n\n<p>La v\u00edctima fue identificada como <strong>Josselyn Amparo Barrios Hern\u00e1ndez<\/strong>, trabajadora de la Procuradur\u00eda General de la Naci\u00f3n (PGN). El hecho ocurri\u00f3 mientras se registraban fuertes lluvias y condiciones clim\u00e1ticas adversas en el sector.<\/p>\n\n\n\n<p>De acuerdo con informaci\u00f3n preliminar, Barrios Hern\u00e1ndez y otras dos compa\u00f1eras se dirig\u00edan hacia sus hogares despu\u00e9s de finalizar su jornada laboral. Debido a un bloqueo registrado en la carretera principal, optaron por utilizar una ruta alterna que conduce hacia Santo Domingo Suchitep\u00e9quez.<\/p>\n\n\n\n<p>Seg\u00fan los reportes, aproximadamente 250 metros despu\u00e9s de ingresar a la zona, una descarga el\u00e9ctrica atmosf\u00e9rica alcanz\u00f3 directamente a la joven, quien falleci\u00f3 en el lugar. Sus dos compa\u00f1eras, que se desplazaban en otra motocicleta, presenciaron el hecho y fueron atendidas posteriormente por socorristas debido a una crisis nerviosa.<\/p>\n\n\n\n<p>Elementos de los cuerpos de socorro y autoridades acudieron al lugar, mientras fiscales del Ministerio P\u00fablico y agentes de la Polic\u00eda Nacional Civil realizaron las diligencias correspondientes.<\/p>\n\n\n\n<p>PUBLICIDAD <\/p>\n\n\n\n<figure class=\"wp-block-gallery has-nested-images columns-default is-cropped wp-block-gallery-2 is-layout-flex wp-block-gallery-is-layout-flex\">\n<figure class=\"wp-block-image size-large\"><img loading=\"lazy\" decoding=\"async\" width=\"1024\" height=\"1024\" data-id=\"27532\" src=\"https:\/\/elmetidosv.com\/wp-content\/uploads\/2026\/05\/logo-digital-1024x1024.jpg\" alt=\"\" class=\"wp-image-27532\" srcset=\"https:\/\/elmetidosv.com\/wp-content\/uploads\/2026\/05\/logo-digital-1024x1024.jpg 1024w, https:\/\/elmetidosv.com\/wp-content\/uploads\/2026\/05\/logo-digital-300x300.jpg 300w, https:\/\/elmetidosv.com\/wp-content\/uploads\/2026\/05\/logo-digital-150x150.jpg 150w, https:\/\/elmetidosv.com\/wp-content\/uploads\/2026\/05\/logo-digital-768x768.jpg 768w, https:\/\/elmetidosv.com\/wp-content\/uploads\/2026\/05\/logo-digital-1536x1536.jpg 1536w, https:\/\/elmetidosv.com\/wp-content\/uploads\/2026\/05\/logo-digital.jpg 1600w\" sizes=\"auto, (max-width: 1024px) 100vw, 1024px\" \/><\/figure>\n<\/figure>\n","protected":false},"excerpt":{"rendered":"<p>Una mujer de 33 a\u00f1os perdi\u00f3 la vida luego de ser alcanzada por un rayo mientras se desplazaba en motocicleta<\/p>\n","protected":false},"author":2,"featured_media":32134,"comment_status":"closed","ping_status":"","sticky":false,"template":"","format":"standard","meta":{"colormag_page_container_layout":"default_layout","colormag_page_sidebar_layout":"default_layout","footnotes":""},"categories":[3],"tags":[14896,1574,330,14889,1064,626,13989,14895,14891,14897,10132,14893,14894,14890,14892,6668],"class_list":["post-32133","post","type-post","status-publish","format-standard","has-post-thumbnail","hentry","category-internacional","tag-bloqueo-vial-tags-guatemala","tag-descarga-electrica","tag-emergencia","tag-josselyn-amparo-barrios-hernandez","tag-motocicleta","tag-mujer-fallecida","tag-noticias-de-guatemala-2","tag-pgn","tag-pgn-guatemala","tag-procuraduria-general-de-la-nacion","tag-rayo","tag-rayo-en-guatemala","tag-ruta-alterna","tag-santo-domingo-suchitepequez","tag-suchitepequez","tag-tormenta"],"_links":{"self":[{"href":"https:\/\/elmetidosv.com\/index.php?rest_route=\/wp\/v2\/posts\/32133","targetHints":{"allow":["GET"]}}],"collection":[{"href":"https:\/\/elmetidosv.com\/index.php?rest_route=\/wp\/v2\/posts"}],"about":[{"href":"https:\/\/elmetidosv.com\/index.php?rest_route=\/wp\/v2\/types\/post"}],"author":[{"embeddable":true,"href":"https:\/\/elmetidosv.com\/index.php?rest_route=\/wp\/v2\/users\/2"}],"replies":[{"embeddable":true,"href":"https:\/\/elmetidosv.com\/index.php?rest_route=%2Fwp%2Fv2%2Fcomments&post=32133"}],"version-history":[{"count":1,"href":"https:\/\/elmetidosv.com\/index.php?rest_route=\/wp\/v2\/posts\/32133\/revisions"}],"predecessor-version":[{"id":32136,"href":"https:\/\/elmetidosv.com\/index.php?rest_route=\/wp\/v2\/posts\/32133\/revisions\/32136"}],"wp:featuredmedia":[{"embeddable":true,"href":"https:\/\/elmetidosv.com\/index.php?rest_route=\/wp\/v2\/media\/32134"}],"wp:attachment":[{"href":"https:\/\/elmetidosv.com\/index.php?rest_route=%2Fwp%2Fv2%2Fmedia&parent=32133"}],"wp:term":[{"taxonomy":"category","embeddable":true,"href":"https:\/\/elmetidosv.com\/index.php?rest_route=%2Fwp%2Fv2%2Fcategories&post=32133"},{"taxonomy":"post_tag","embeddable":true,"href":"https:\/\/elmetidosv.com\/index.php?rest_route=%2Fwp%2Fv2%2Ftags&post=32133"}],"curies":[{"name":"wp","href":"https:\/\/api.w.org\/{rel}","templated":true}]}}