{"id":32127,"date":"2026-09-02T10:18:10","date_gmt":"2026-09-02T16:18:10","guid":{"rendered":"https:\/\/elmetidosv.com\/?p=32127"},"modified":"2026-09-02T10:18:10","modified_gmt":"2026-09-02T16:18:10","slug":"pronostican-lluvias-y-tormentas-en-varios-sectores-de-el-salvador-durante-este-miercoles","status":"publish","type":"post","link":"https:\/\/elmetidosv.com\/?p=32127","title":{"rendered":"PRONOSTICAN LLUVIAS Y TORMENTAS EN VARIOS SECTORES DE EL SALVADOR DURANTE ESTE MI\u00c9RCOLES"},"content":{"rendered":"\n<p>Durante la ma\u00f1ana de este mi\u00e9rcoles se prev\u00e9 un cielo parcialmente nublado, con posibilidad de algunas lluvias en el sector costero. El ambiente continuar\u00e1 caluroso en gran parte del pa\u00eds.<\/p>\n\n\n\n<p>A partir de la tarde aumentar\u00e1 la nubosidad y se desarrollar\u00e1n <strong>lluvias y tormentas en sectores de la cordillera volc\u00e1nica y la zona norte<\/strong>, principalmente en las cordilleras Apaneca-Ilamatepec, El B\u00e1lsamo y Tecapa-Chinameca, as\u00ed como en sectores de Santa Ana, Chalatenango, San Miguel y Moraz\u00e1n.<\/p>\n\n\n\n<p>Durante la noche, las lluvias podr\u00edan extenderse a diferentes zonas del territorio nacional, incluyendo <strong>La Uni\u00f3n, San Miguel, Usulut\u00e1n, Cuscatl\u00e1n, San Salvador y el \u00c1rea Metropolitana de San Salvador, La Libertad, Santa Ana, Sonsonate y Ahuachap\u00e1n<\/strong>.<\/p>\n\n\n\n<p>Posteriormente, las precipitaciones se desplazar\u00edan hacia la zona costera. Durante el desarrollo de las tormentas podr\u00edan registrarse <strong>r\u00e1fagas de viento, actividad el\u00e9ctrica y ca\u00edda de granizo<\/strong> en algunos sectores.<\/p>\n\n\n\n<p>Se recomienda a la poblaci\u00f3n mantenerse atenta a los avisos oficiales y tomar las precauciones necesarias ante posibles cambios en las condiciones meteorol\u00f3gicas.<\/p>\n\n\n\n<p>PUBLICIDAD <\/p>\n\n\n\n<figure class=\"wp-block-gallery has-nested-images columns-default is-cropped wp-block-gallery-1 is-layout-flex wp-block-gallery-is-layout-flex\">\n<figure class=\"wp-block-image size-large\"><img loading=\"lazy\" decoding=\"async\" width=\"957\" height=\"960\" data-id=\"27126\" src=\"https:\/\/elmetidosv.com\/wp-content\/uploads\/2026\/05\/2D-AZUCAR.jpg\" alt=\"\" class=\"wp-image-27126\" srcset=\"https:\/\/elmetidosv.com\/wp-content\/uploads\/2026\/05\/2D-AZUCAR.jpg 957w, https:\/\/elmetidosv.com\/wp-content\/uploads\/2026\/05\/2D-AZUCAR-300x300.jpg 300w, https:\/\/elmetidosv.com\/wp-content\/uploads\/2026\/05\/2D-AZUCAR-150x150.jpg 150w, https:\/\/elmetidosv.com\/wp-content\/uploads\/2026\/05\/2D-AZUCAR-768x770.jpg 768w\" sizes=\"auto, (max-width: 957px) 100vw, 957px\" \/><\/figure>\n<\/figure>\n","protected":false},"excerpt":{"rendered":"<p>Durante la ma\u00f1ana de este mi\u00e9rcoles se prev\u00e9 un cielo parcialmente nublado, con posibilidad de algunas lluvias en el sector<\/p>\n","protected":false},"author":2,"featured_media":32128,"comment_status":"closed","ping_status":"","sticky":false,"template":"","format":"standard","meta":{"colormag_page_container_layout":"default_layout","colormag_page_sidebar_layout":"default_layout","footnotes":""},"categories":[1],"tags":[5461,40,844,1723,6665,115,422,304,410,10660,396,303,295,14176,137,126,33,219,5816,6589],"class_list":["post-32127","post","type-post","status-publish","format-standard","has-post-thumbnail","hentry","category-nacional","tag-actividad-electrica","tag-ahuachapan","tag-clima","tag-clima-en-el-salvador","tag-granizo","tag-la-libertad","tag-la-union","tag-lluvias","tag-marn","tag-meteorologia-3","tag-morazan","tag-pronostico","tag-pronostico-del-tiempo","tag-rafagas-de-viento-tags-el-salvador","tag-san-miguel","tag-san-salvador","tag-santa-ana","tag-sonsonate","tag-tiempo","tag-tormentas"],"_links":{"self":[{"href":"https:\/\/elmetidosv.com\/index.php?rest_route=\/wp\/v2\/posts\/32127","targetHints":{"allow":["GET"]}}],"collection":[{"href":"https:\/\/elmetidosv.com\/index.php?rest_route=\/wp\/v2\/posts"}],"about":[{"href":"https:\/\/elmetidosv.com\/index.php?rest_route=\/wp\/v2\/types\/post"}],"author":[{"embeddable":true,"href":"https:\/\/elmetidosv.com\/index.php?rest_route=\/wp\/v2\/users\/2"}],"replies":[{"embeddable":true,"href":"https:\/\/elmetidosv.com\/index.php?rest_route=%2Fwp%2Fv2%2Fcomments&post=32127"}],"version-history":[{"count":1,"href":"https:\/\/elmetidosv.com\/index.php?rest_route=\/wp\/v2\/posts\/32127\/revisions"}],"predecessor-version":[{"id":32129,"href":"https:\/\/elmetidosv.com\/index.php?rest_route=\/wp\/v2\/posts\/32127\/revisions\/32129"}],"wp:featuredmedia":[{"embeddable":true,"href":"https:\/\/elmetidosv.com\/index.php?rest_route=\/wp\/v2\/media\/32128"}],"wp:attachment":[{"href":"https:\/\/elmetidosv.com\/index.php?rest_route=%2Fwp%2Fv2%2Fmedia&parent=32127"}],"wp:term":[{"taxonomy":"category","embeddable":true,"href":"https:\/\/elmetidosv.com\/index.php?rest_route=%2Fwp%2Fv2%2Fcategories&post=32127"},{"taxonomy":"post_tag","embeddable":true,"href":"https:\/\/elmetidosv.com\/index.php?rest_route=%2Fwp%2Fv2%2Ftags&post=32127"}],"curies":[{"name":"wp","href":"https:\/\/api.w.org\/{rel}","templated":true}]}}