{"id":32123,"date":"2026-09-02T09:50:36","date_gmt":"2026-09-02T15:50:36","guid":{"rendered":"https:\/\/elmetidosv.com\/?p=32123"},"modified":"2026-09-02T09:50:36","modified_gmt":"2026-09-02T15:50:36","slug":"motociclista-fallece-tras-accidente-de-transito-en-calle-agua-caliente-soyapango","status":"publish","type":"post","link":"https:\/\/elmetidosv.com\/?p=32123","title":{"rendered":"MOTOCICLISTA FALLECE TRAS ACCIDENTE DE TR\u00c1NSITO EN CALLE AGUA CALIENTE, SOYAPANGO"},"content":{"rendered":"\n<figure class=\"wp-block-gallery has-nested-images columns-default is-cropped wp-block-gallery-1 is-layout-flex wp-block-gallery-is-layout-flex\">\n<figure class=\"wp-block-image size-large\"><img loading=\"lazy\" decoding=\"async\" width=\"1024\" height=\"318\" data-id=\"32125\" src=\"https:\/\/elmetidosv.com\/wp-content\/uploads\/2026\/09\/fallecido-1024x318.jpg\" alt=\"\" class=\"wp-image-32125\" srcset=\"https:\/\/elmetidosv.com\/wp-content\/uploads\/2026\/09\/fallecido-1024x318.jpg 1024w, https:\/\/elmetidosv.com\/wp-content\/uploads\/2026\/09\/fallecido-300x93.jpg 300w, https:\/\/elmetidosv.com\/wp-content\/uploads\/2026\/09\/fallecido-768x239.jpg 768w, https:\/\/elmetidosv.com\/wp-content\/uploads\/2026\/09\/fallecido-1536x477.jpg 1536w, https:\/\/elmetidosv.com\/wp-content\/uploads\/2026\/09\/fallecido.jpg 1600w\" sizes=\"auto, (max-width: 1024px) 100vw, 1024px\" \/><\/figure>\n<\/figure>\n\n\n\n<p>Un motociclista falleci\u00f3 durante la ma\u00f1ana de este mi\u00e9rcoles tras verse involucrado en un accidente de tr\u00e1nsito sobre la <strong>calle Agua Caliente<\/strong>, en el distrito de Soyapango, San Salvador Este.<\/p>\n\n\n\n<p>El percance ocurri\u00f3 a la altura del puente de la zona. Equipos de emergencia se desplazaron hasta el lugar para atender la situaci\u00f3n, pero el motociclista perdi\u00f3 la vida.<\/p>\n\n\n\n<p>Debido al procedimiento y a las diligencias correspondientes, la circulaci\u00f3n vehicular en el sector podr\u00eda presentar restricciones mientras las autoridades procesan la escena y determinan las circunstancias en las que ocurri\u00f3 el accidente.<\/p>\n\n\n\n<p>PUBLICIDAD <\/p>\n\n\n\n<figure class=\"wp-block-gallery has-nested-images columns-default is-cropped wp-block-gallery-2 is-layout-flex wp-block-gallery-is-layout-flex\">\n<figure class=\"wp-block-image size-large\"><img loading=\"lazy\" decoding=\"async\" width=\"1024\" height=\"1024\" data-id=\"27532\" src=\"https:\/\/elmetidosv.com\/wp-content\/uploads\/2026\/05\/logo-digital-1024x1024.jpg\" alt=\"\" class=\"wp-image-27532\" srcset=\"https:\/\/elmetidosv.com\/wp-content\/uploads\/2026\/05\/logo-digital-1024x1024.jpg 1024w, https:\/\/elmetidosv.com\/wp-content\/uploads\/2026\/05\/logo-digital-300x300.jpg 300w, https:\/\/elmetidosv.com\/wp-content\/uploads\/2026\/05\/logo-digital-150x150.jpg 150w, https:\/\/elmetidosv.com\/wp-content\/uploads\/2026\/05\/logo-digital-768x768.jpg 768w, https:\/\/elmetidosv.com\/wp-content\/uploads\/2026\/05\/logo-digital-1536x1536.jpg 1536w, https:\/\/elmetidosv.com\/wp-content\/uploads\/2026\/05\/logo-digital.jpg 1600w\" sizes=\"auto, (max-width: 1024px) 100vw, 1024px\" \/><\/figure>\n<\/figure>\n","protected":false},"excerpt":{"rendered":"<p>Un motociclista falleci\u00f3 durante la ma\u00f1ana de este mi\u00e9rcoles tras verse involucrado en un accidente de tr\u00e1nsito sobre la calle<\/p>\n","protected":false},"author":2,"featured_media":32124,"comment_status":"closed","ping_status":"","sticky":false,"template":"","format":"standard","meta":{"colormag_page_container_layout":"default_layout","colormag_page_sidebar_layout":"default_layout","footnotes":""},"categories":[1],"tags":[2649,110,139,1020,31,14880,330,833,380,377,129,2994,12364,14879,794,142,831,14881],"class_list":["post-32123","post","type-post","status-publish","format-standard","has-post-thumbnail","hentry","category-nacional","tag-accidente-de-motocicleta","tag-accidente-de-transito","tag-accidente-vial","tag-calle-agua-caliente","tag-el-salvador","tag-el-salvador-tags-soyapango","tag-emergencia","tag-emergencia-vial","tag-fallecido","tag-motociclista","tag-motociclista-fallecido","tag-movilidad","tag-noticias-de-ultima-hora-2","tag-puente-agua-caliente","tag-san-salvador-este","tag-soyapango","tag-trafico","tag-trafico-sv"],"_links":{"self":[{"href":"https:\/\/elmetidosv.com\/index.php?rest_route=\/wp\/v2\/posts\/32123","targetHints":{"allow":["GET"]}}],"collection":[{"href":"https:\/\/elmetidosv.com\/index.php?rest_route=\/wp\/v2\/posts"}],"about":[{"href":"https:\/\/elmetidosv.com\/index.php?rest_route=\/wp\/v2\/types\/post"}],"author":[{"embeddable":true,"href":"https:\/\/elmetidosv.com\/index.php?rest_route=\/wp\/v2\/users\/2"}],"replies":[{"embeddable":true,"href":"https:\/\/elmetidosv.com\/index.php?rest_route=%2Fwp%2Fv2%2Fcomments&post=32123"}],"version-history":[{"count":1,"href":"https:\/\/elmetidosv.com\/index.php?rest_route=\/wp\/v2\/posts\/32123\/revisions"}],"predecessor-version":[{"id":32126,"href":"https:\/\/elmetidosv.com\/index.php?rest_route=\/wp\/v2\/posts\/32123\/revisions\/32126"}],"wp:featuredmedia":[{"embeddable":true,"href":"https:\/\/elmetidosv.com\/index.php?rest_route=\/wp\/v2\/media\/32124"}],"wp:attachment":[{"href":"https:\/\/elmetidosv.com\/index.php?rest_route=%2Fwp%2Fv2%2Fmedia&parent=32123"}],"wp:term":[{"taxonomy":"category","embeddable":true,"href":"https:\/\/elmetidosv.com\/index.php?rest_route=%2Fwp%2Fv2%2Fcategories&post=32123"},{"taxonomy":"post_tag","embeddable":true,"href":"https:\/\/elmetidosv.com\/index.php?rest_route=%2Fwp%2Fv2%2Ftags&post=32123"}],"curies":[{"name":"wp","href":"https:\/\/api.w.org\/{rel}","templated":true}]}}