{"id":32117,"date":"2026-09-02T09:29:52","date_gmt":"2026-09-02T15:29:52","guid":{"rendered":"https:\/\/elmetidosv.com\/?p=32117"},"modified":"2026-09-02T09:29:52","modified_gmt":"2026-09-02T15:29:52","slug":"alcalde-de-santa-ana-centro-participo-en-jornada-para-mejorar-la-administracion-de-los-mercados-municipales","status":"publish","type":"post","link":"https:\/\/elmetidosv.com\/?p=32117","title":{"rendered":"ALCALDE DE SANTA ANA CENTRO PARTICIP\u00d3 EN JORNADA PARA MEJORAR LA ADMINISTRACI\u00d3N DE LOS MERCADOS MUNICIPALES"},"content":{"rendered":"\n<figure class=\"wp-block-gallery has-nested-images columns-default is-cropped wp-block-gallery-1 is-layout-flex wp-block-gallery-is-layout-flex\">\n<figure class=\"wp-block-image size-large\"><img loading=\"lazy\" decoding=\"async\" width=\"1024\" height=\"684\" data-id=\"32119\" src=\"https:\/\/elmetidosv.com\/wp-content\/uploads\/2026\/09\/gus-1-1-1024x684.jpg\" alt=\"\" class=\"wp-image-32119\" srcset=\"https:\/\/elmetidosv.com\/wp-content\/uploads\/2026\/09\/gus-1-1-1024x684.jpg 1024w, https:\/\/elmetidosv.com\/wp-content\/uploads\/2026\/09\/gus-1-1-300x200.jpg 300w, https:\/\/elmetidosv.com\/wp-content\/uploads\/2026\/09\/gus-1-1-768x513.jpg 768w, https:\/\/elmetidosv.com\/wp-content\/uploads\/2026\/09\/gus-1-1-1536x1027.jpg 1536w, https:\/\/elmetidosv.com\/wp-content\/uploads\/2026\/09\/gus-1-1.jpg 1616w\" sizes=\"auto, (max-width: 1024px) 100vw, 1024px\" \/><\/figure>\n<\/figure>\n\n\n\n<p>El alcalde de Santa Ana Centro, <strong>Gustavo Acevedo<\/strong>, inform\u00f3 que particip\u00f3 en una jornada de trabajo para la presentaci\u00f3n de propuestas de <strong>Ordenanzas Estandarizadas Modelo<\/strong>, impulsadas por el Organismo de Mejora Regulatoria, con el objetivo de fortalecer el funcionamiento y la administraci\u00f3n de los mercados municipales.<\/p>\n\n\n\n<p>Durante la actividad se abordaron propuestas orientadas a agilizar, modernizar y mejorar los servicios que las municipalidades brindan a los comerciantes de los mercados.<\/p>\n\n\n\n<figure class=\"wp-block-gallery has-nested-images columns-default is-cropped wp-block-gallery-2 is-layout-flex wp-block-gallery-is-layout-flex\">\n<figure class=\"wp-block-image size-large\"><img loading=\"lazy\" decoding=\"async\" width=\"1024\" height=\"684\" data-id=\"32120\" src=\"https:\/\/elmetidosv.com\/wp-content\/uploads\/2026\/09\/gus-2-1-1024x684.jpg\" alt=\"\" class=\"wp-image-32120\" srcset=\"https:\/\/elmetidosv.com\/wp-content\/uploads\/2026\/09\/gus-2-1-1024x684.jpg 1024w, https:\/\/elmetidosv.com\/wp-content\/uploads\/2026\/09\/gus-2-1-300x200.jpg 300w, https:\/\/elmetidosv.com\/wp-content\/uploads\/2026\/09\/gus-2-1-768x513.jpg 768w, https:\/\/elmetidosv.com\/wp-content\/uploads\/2026\/09\/gus-2-1-1536x1026.jpg 1536w, https:\/\/elmetidosv.com\/wp-content\/uploads\/2026\/09\/gus-2-1.jpg 1600w\" sizes=\"auto, (max-width: 1024px) 100vw, 1024px\" \/><\/figure>\n<\/figure>\n\n\n\n<p>Acevedo destac\u00f3 que desde la municipalidad buscan fortalecer los procesos administrativos y generar mejores condiciones para los comerciantes, a quienes calific\u00f3 como un sector fundamental para la econom\u00eda y el desarrollo del municipio.<\/p>\n\n\n\n<p>\u201cSeguimos trabajando para construir una administraci\u00f3n m\u00e1s eficiente, ordenada y cercana, que genere mejores condiciones para quienes todos los d\u00edas trabajan por sacar adelante a sus familias\u201d, expres\u00f3 el edil santaneco.<\/p>\n\n\n\n<p>La jornada forma parte de los esfuerzos para promover una gesti\u00f3n municipal m\u00e1s eficiente y mejorar la atenci\u00f3n y los servicios relacionados con los mercados municipales.<\/p>\n\n\n\n<figure class=\"wp-block-gallery has-nested-images columns-default is-cropped wp-block-gallery-3 is-layout-flex wp-block-gallery-is-layout-flex\">\n<figure class=\"wp-block-image size-large\"><img loading=\"lazy\" decoding=\"async\" width=\"1024\" height=\"684\" data-id=\"32121\" src=\"https:\/\/elmetidosv.com\/wp-content\/uploads\/2026\/09\/gus-4-1-1024x684.jpg\" alt=\"\" class=\"wp-image-32121\" srcset=\"https:\/\/elmetidosv.com\/wp-content\/uploads\/2026\/09\/gus-4-1-1024x684.jpg 1024w, https:\/\/elmetidosv.com\/wp-content\/uploads\/2026\/09\/gus-4-1-300x200.jpg 300w, https:\/\/elmetidosv.com\/wp-content\/uploads\/2026\/09\/gus-4-1-768x513.jpg 768w, https:\/\/elmetidosv.com\/wp-content\/uploads\/2026\/09\/gus-4-1-1536x1026.jpg 1536w, https:\/\/elmetidosv.com\/wp-content\/uploads\/2026\/09\/gus-4-1.jpg 1600w\" sizes=\"auto, (max-width: 1024px) 100vw, 1024px\" \/><\/figure>\n<\/figure>\n","protected":false},"excerpt":{"rendered":"<p>El alcalde de Santa Ana Centro, Gustavo Acevedo, inform\u00f3 que particip\u00f3 en una jornada de trabajo para la presentaci\u00f3n de<\/p>\n","protected":false},"author":2,"featured_media":32118,"comment_status":"closed","ping_status":"","sticky":false,"template":"","format":"standard","meta":{"colormag_page_container_layout":"default_layout","colormag_page_sidebar_layout":"default_layout","footnotes":""},"categories":[1],"tags":[14875,2923,14876,764,5702,9006,13710,14872,14871,7858,14878,14874,14873,552,14877,13962],"class_list":["post-32117","post","type-post","status-publish","format-standard","has-post-thumbnail","hentry","category-nacional","tag-administracion-municipal","tag-administracion-publica","tag-alcalde-de-santa-ana","tag-comerciantes","tag-economia-local","tag-el-salvador-2","tag-gustavo-acevedo","tag-mejora-regulatoria","tag-mercados-municipales","tag-municipalidad","tag-ordenanzas","tag-ordenanzas-estandarizadas","tag-organismo-de-mejora-regulatoria","tag-santa-ana-centro","tag-santa-ana-tags-santa-ana-centro","tag-servicios-municipales"],"_links":{"self":[{"href":"https:\/\/elmetidosv.com\/index.php?rest_route=\/wp\/v2\/posts\/32117","targetHints":{"allow":["GET"]}}],"collection":[{"href":"https:\/\/elmetidosv.com\/index.php?rest_route=\/wp\/v2\/posts"}],"about":[{"href":"https:\/\/elmetidosv.com\/index.php?rest_route=\/wp\/v2\/types\/post"}],"author":[{"embeddable":true,"href":"https:\/\/elmetidosv.com\/index.php?rest_route=\/wp\/v2\/users\/2"}],"replies":[{"embeddable":true,"href":"https:\/\/elmetidosv.com\/index.php?rest_route=%2Fwp%2Fv2%2Fcomments&post=32117"}],"version-history":[{"count":1,"href":"https:\/\/elmetidosv.com\/index.php?rest_route=\/wp\/v2\/posts\/32117\/revisions"}],"predecessor-version":[{"id":32122,"href":"https:\/\/elmetidosv.com\/index.php?rest_route=\/wp\/v2\/posts\/32117\/revisions\/32122"}],"wp:featuredmedia":[{"embeddable":true,"href":"https:\/\/elmetidosv.com\/index.php?rest_route=\/wp\/v2\/media\/32118"}],"wp:attachment":[{"href":"https:\/\/elmetidosv.com\/index.php?rest_route=%2Fwp%2Fv2%2Fmedia&parent=32117"}],"wp:term":[{"taxonomy":"category","embeddable":true,"href":"https:\/\/elmetidosv.com\/index.php?rest_route=%2Fwp%2Fv2%2Fcategories&post=32117"},{"taxonomy":"post_tag","embeddable":true,"href":"https:\/\/elmetidosv.com\/index.php?rest_route=%2Fwp%2Fv2%2Ftags&post=32117"}],"curies":[{"name":"wp","href":"https:\/\/api.w.org\/{rel}","templated":true}]}}