{"id":32108,"date":"2026-09-02T08:15:16","date_gmt":"2026-09-02T14:15:16","guid":{"rendered":"https:\/\/elmetidosv.com\/?p=32108"},"modified":"2026-09-02T08:15:16","modified_gmt":"2026-09-02T14:15:16","slug":"mujer-es-detenida-tras-ser-senalada-de-danar-dos-vehiculos-en-un-taller-de-izalco","status":"publish","type":"post","link":"https:\/\/elmetidosv.com\/?p=32108","title":{"rendered":"MUJER ES DETENIDA TRAS SER SE\u00d1ALADA DE DA\u00d1AR DOS VEH\u00cdCULOS EN UN TALLER DE IZALCO"},"content":{"rendered":"\n<figure class=\"wp-block-gallery has-nested-images columns-default is-cropped wp-block-gallery-1 is-layout-flex wp-block-gallery-is-layout-flex\">\n<figure class=\"wp-block-image size-large\"><img loading=\"lazy\" decoding=\"async\" width=\"1024\" height=\"1024\" data-id=\"32110\" src=\"https:\/\/elmetidosv.com\/wp-content\/uploads\/2026\/09\/loca-2.jpg\" alt=\"\" class=\"wp-image-32110\" srcset=\"https:\/\/elmetidosv.com\/wp-content\/uploads\/2026\/09\/loca-2.jpg 1024w, https:\/\/elmetidosv.com\/wp-content\/uploads\/2026\/09\/loca-2-300x300.jpg 300w, https:\/\/elmetidosv.com\/wp-content\/uploads\/2026\/09\/loca-2-150x150.jpg 150w, https:\/\/elmetidosv.com\/wp-content\/uploads\/2026\/09\/loca-2-768x768.jpg 768w\" sizes=\"auto, (max-width: 1024px) 100vw, 1024px\" \/><\/figure>\n<\/figure>\n\n\n\n<p>Una mujer fue detenida tras ser se\u00f1alada de ocasionar da\u00f1os a dos veh\u00edculos que se encontraban en reparaci\u00f3n en un taller ubicado en el cant\u00f3n San Isidro, distrito de Izalco, Sonsonate Este.<\/p>\n\n\n\n<p>La detenida fue identificada como <strong>Leydi Nayensi Iglesia Corado, de 22 a\u00f1os<\/strong>. Seg\u00fan la informaci\u00f3n proporcionada, la joven habr\u00eda llegado al establecimiento y presuntamente causado da\u00f1os en los parabrisas y espejos de ambos veh\u00edculos.<\/p>\n\n\n\n<p>El procedimiento se realiz\u00f3 el <strong>1 de septiembre de 2026<\/strong>, sobre la calle principal de la colonia Santo Domingo #2, en el cant\u00f3n San Isidro.<\/p>\n\n\n\n<p>De acuerdo con las autoridades, Iglesia Corado ser\u00e1 procesada por el delito de <strong>da\u00f1os<\/strong>. Las circunstancias que habr\u00edan originado el incidente ser\u00e1n determinadas durante el proceso correspondiente.<\/p>\n\n\n\n<p>PUBLICIDAD <\/p>\n\n\n\n<figure class=\"wp-block-gallery has-nested-images columns-default is-cropped wp-block-gallery-2 is-layout-flex wp-block-gallery-is-layout-flex\">\n<figure class=\"wp-block-image size-large\"><img loading=\"lazy\" decoding=\"async\" width=\"957\" height=\"960\" data-id=\"27126\" src=\"https:\/\/elmetidosv.com\/wp-content\/uploads\/2026\/05\/2D-AZUCAR.jpg\" alt=\"\" class=\"wp-image-27126\" srcset=\"https:\/\/elmetidosv.com\/wp-content\/uploads\/2026\/05\/2D-AZUCAR.jpg 957w, https:\/\/elmetidosv.com\/wp-content\/uploads\/2026\/05\/2D-AZUCAR-300x300.jpg 300w, https:\/\/elmetidosv.com\/wp-content\/uploads\/2026\/05\/2D-AZUCAR-150x150.jpg 150w, https:\/\/elmetidosv.com\/wp-content\/uploads\/2026\/05\/2D-AZUCAR-768x770.jpg 768w\" sizes=\"auto, (max-width: 957px) 100vw, 957px\" \/><\/figure>\n<\/figure>\n","protected":false},"excerpt":{"rendered":"<p>Una mujer fue detenida tras ser se\u00f1alada de ocasionar da\u00f1os a dos veh\u00edculos que se encontraban en reparaci\u00f3n en un<\/p>\n","protected":false},"author":2,"featured_media":32109,"comment_status":"closed","ping_status":"","sticky":false,"template":"","format":"standard","meta":{"colormag_page_container_layout":"default_layout","colormag_page_sidebar_layout":"default_layout","footnotes":""},"categories":[1],"tags":[14859,14865,6232,14860,14864,31,14863,1330,14861,1810,85,3721,93,213,528,7339,14866,3708,14862],"class_list":["post-32108","post","type-post","status-publish","format-standard","has-post-thumbnail","hentry","category-nacional","tag-canton-san-isidro","tag-colonia-santo-domingo","tag-danos","tag-danos-a-vehiculos","tag-detenida","tag-el-salvador","tag-el-salvador-tags-izalco","tag-izalco","tag-leydi-nayensi-iglesia-corado","tag-noticias-de-ultima-hora","tag-pnc","tag-san-isidro","tag-seguridad","tag-sonsonate-este","tag-sucesos","tag-taller","tag-taller-mecanico","tag-vehiculos","tag-vehiculos-danados"],"_links":{"self":[{"href":"https:\/\/elmetidosv.com\/index.php?rest_route=\/wp\/v2\/posts\/32108","targetHints":{"allow":["GET"]}}],"collection":[{"href":"https:\/\/elmetidosv.com\/index.php?rest_route=\/wp\/v2\/posts"}],"about":[{"href":"https:\/\/elmetidosv.com\/index.php?rest_route=\/wp\/v2\/types\/post"}],"author":[{"embeddable":true,"href":"https:\/\/elmetidosv.com\/index.php?rest_route=\/wp\/v2\/users\/2"}],"replies":[{"embeddable":true,"href":"https:\/\/elmetidosv.com\/index.php?rest_route=%2Fwp%2Fv2%2Fcomments&post=32108"}],"version-history":[{"count":1,"href":"https:\/\/elmetidosv.com\/index.php?rest_route=\/wp\/v2\/posts\/32108\/revisions"}],"predecessor-version":[{"id":32111,"href":"https:\/\/elmetidosv.com\/index.php?rest_route=\/wp\/v2\/posts\/32108\/revisions\/32111"}],"wp:featuredmedia":[{"embeddable":true,"href":"https:\/\/elmetidosv.com\/index.php?rest_route=\/wp\/v2\/media\/32109"}],"wp:attachment":[{"href":"https:\/\/elmetidosv.com\/index.php?rest_route=%2Fwp%2Fv2%2Fmedia&parent=32108"}],"wp:term":[{"taxonomy":"category","embeddable":true,"href":"https:\/\/elmetidosv.com\/index.php?rest_route=%2Fwp%2Fv2%2Fcategories&post=32108"},{"taxonomy":"post_tag","embeddable":true,"href":"https:\/\/elmetidosv.com\/index.php?rest_route=%2Fwp%2Fv2%2Ftags&post=32108"}],"curies":[{"name":"wp","href":"https:\/\/api.w.org\/{rel}","templated":true}]}}