{"id":32088,"date":"2026-09-02T07:15:25","date_gmt":"2026-09-02T13:15:25","guid":{"rendered":"https:\/\/elmetidosv.com\/?p=32088"},"modified":"2026-09-02T07:15:25","modified_gmt":"2026-09-02T13:15:25","slug":"revelan-imagenes-del-momento-en-que-un-reo-se-fugo-de-una-bartolina-en-san-sebastian-salitrillo","status":"publish","type":"post","link":"https:\/\/elmetidosv.com\/?p=32088","title":{"rendered":"REVELAN IM\u00c1GENES DEL MOMENTO EN QUE UN REO SE FUG\u00d3 DE UNA BARTOLINA EN SAN SEBASTI\u00c1N SALITRILLO"},"content":{"rendered":"\n<figure class=\"wp-block-gallery has-nested-images columns-default is-cropped wp-block-gallery-1 is-layout-flex wp-block-gallery-is-layout-flex\">\n<figure class=\"wp-block-image size-large\"><img loading=\"lazy\" decoding=\"async\" width=\"420\" height=\"282\" data-id=\"32090\" src=\"https:\/\/elmetidosv.com\/wp-content\/uploads\/2026\/09\/reo-2.png\" alt=\"\" class=\"wp-image-32090\" srcset=\"https:\/\/elmetidosv.com\/wp-content\/uploads\/2026\/09\/reo-2.png 420w, https:\/\/elmetidosv.com\/wp-content\/uploads\/2026\/09\/reo-2-300x201.png 300w\" sizes=\"auto, (max-width: 420px) 100vw, 420px\" \/><\/figure>\n<\/figure>\n\n\n\n<p>Im\u00e1genes captaron el momento en que un reo de 21 a\u00f1os, identificado como <strong>Hugo Leonel Barrera<\/strong>, se fug\u00f3 de las instalaciones policiales de San Sebasti\u00e1n Salitrillo, en el departamento de Santa Ana.<\/p>\n\n\n\n<p>El hecho ocurri\u00f3 durante la ma\u00f1ana de este martes, cuando Barrera fue trasladado al \u00e1rea de atenci\u00f3n ciudadana del puesto policial luego de finalizar una audiencia relacionada con un proceso por el delito de hurto, en la que habr\u00eda quedado en libertad. Sin embargo, el joven permanec\u00eda detenido por orden de otro juzgado, tambi\u00e9n por un caso de hurto.<\/p>\n\n\n\n<p>Seg\u00fan la informaci\u00f3n conocida, el reo habr\u00eda aprovechado un descuido de los agentes para salir de las instalaciones y darse a la fuga. Tras conocerse el escape, la jefatura policial activ\u00f3 las patrullas disponibles y unidades de inteligencia para localizarlo.<\/p>\n\n\n\n<p>Como parte de las diligencias, <strong>dos custodios permanecen retenidos mientras se investiga su posible responsabilidad o las circunstancias que permitieron la fuga<\/strong>.<\/p>\n\n\n\n<p>Hasta el momento, <strong>Hugo Leonel Barrera no ha sido recapturado<\/strong>. Las autoridades mantienen un operativo de b\u00fasqueda y han solicitado a la poblaci\u00f3n informar de inmediato a la Polic\u00eda si cuentan con informaci\u00f3n que pueda contribuir a su localizaci\u00f3n.<\/p>\n\n\n\n<p>PUBLICIDAD <\/p>\n\n\n\n<figure class=\"wp-block-gallery has-nested-images columns-default is-cropped wp-block-gallery-2 is-layout-flex wp-block-gallery-is-layout-flex\">\n<figure class=\"wp-block-image size-large\"><img loading=\"lazy\" decoding=\"async\" width=\"1024\" height=\"1024\" data-id=\"27532\" src=\"https:\/\/elmetidosv.com\/wp-content\/uploads\/2026\/05\/logo-digital-1024x1024.jpg\" alt=\"\" class=\"wp-image-27532\" srcset=\"https:\/\/elmetidosv.com\/wp-content\/uploads\/2026\/05\/logo-digital-1024x1024.jpg 1024w, https:\/\/elmetidosv.com\/wp-content\/uploads\/2026\/05\/logo-digital-300x300.jpg 300w, https:\/\/elmetidosv.com\/wp-content\/uploads\/2026\/05\/logo-digital-150x150.jpg 150w, https:\/\/elmetidosv.com\/wp-content\/uploads\/2026\/05\/logo-digital-768x768.jpg 768w, https:\/\/elmetidosv.com\/wp-content\/uploads\/2026\/05\/logo-digital-1536x1536.jpg 1536w, https:\/\/elmetidosv.com\/wp-content\/uploads\/2026\/05\/logo-digital.jpg 1600w\" sizes=\"auto, (max-width: 1024px) 100vw, 1024px\" \/><\/figure>\n<\/figure>\n","protected":false},"excerpt":{"rendered":"<p>Im\u00e1genes captaron el momento en que un reo de 21 a\u00f1os, identificado como Hugo Leonel Barrera, se fug\u00f3 de las<\/p>\n","protected":false},"author":2,"featured_media":32089,"comment_status":"closed","ping_status":"","sticky":false,"template":"","format":"standard","meta":{"colormag_page_container_layout":"default_layout","colormag_page_sidebar_layout":"default_layout","footnotes":""},"categories":[1],"tags":[14820,770,14821,31,14823,14818,12546,665,22,14824,1748,85,361,11659,14822,14819,3396,33,93,872],"class_list":["post-32088","post","type-post","status-publish","format-standard","has-post-thumbnail","hentry","category-nacional","tag-bartolina","tag-busqueda","tag-custodios-retenidos","tag-el-salvador","tag-fuga-de-detenido","tag-fuga-de-reo","tag-hugo-leonel-barrera","tag-hurto-2","tag-investigacion","tag-investigacion-tags-san-sebastian-salitrillo","tag-operativo-policial","tag-pnc","tag-policia-nacional-civil","tag-puesto-policial","tag-recaptura","tag-reo-fugado","tag-san-sebastian-salitrillo","tag-santa-ana","tag-seguridad","tag-ultima-hora"],"_links":{"self":[{"href":"https:\/\/elmetidosv.com\/index.php?rest_route=\/wp\/v2\/posts\/32088","targetHints":{"allow":["GET"]}}],"collection":[{"href":"https:\/\/elmetidosv.com\/index.php?rest_route=\/wp\/v2\/posts"}],"about":[{"href":"https:\/\/elmetidosv.com\/index.php?rest_route=\/wp\/v2\/types\/post"}],"author":[{"embeddable":true,"href":"https:\/\/elmetidosv.com\/index.php?rest_route=\/wp\/v2\/users\/2"}],"replies":[{"embeddable":true,"href":"https:\/\/elmetidosv.com\/index.php?rest_route=%2Fwp%2Fv2%2Fcomments&post=32088"}],"version-history":[{"count":1,"href":"https:\/\/elmetidosv.com\/index.php?rest_route=\/wp\/v2\/posts\/32088\/revisions"}],"predecessor-version":[{"id":32091,"href":"https:\/\/elmetidosv.com\/index.php?rest_route=\/wp\/v2\/posts\/32088\/revisions\/32091"}],"wp:featuredmedia":[{"embeddable":true,"href":"https:\/\/elmetidosv.com\/index.php?rest_route=\/wp\/v2\/media\/32089"}],"wp:attachment":[{"href":"https:\/\/elmetidosv.com\/index.php?rest_route=%2Fwp%2Fv2%2Fmedia&parent=32088"}],"wp:term":[{"taxonomy":"category","embeddable":true,"href":"https:\/\/elmetidosv.com\/index.php?rest_route=%2Fwp%2Fv2%2Fcategories&post=32088"},{"taxonomy":"post_tag","embeddable":true,"href":"https:\/\/elmetidosv.com\/index.php?rest_route=%2Fwp%2Fv2%2Ftags&post=32088"}],"curies":[{"name":"wp","href":"https:\/\/api.w.org\/{rel}","templated":true}]}}