{"id":32082,"date":"2026-09-01T14:18:47","date_gmt":"2026-09-01T20:18:47","guid":{"rendered":"https:\/\/elmetidosv.com\/?p=32082"},"modified":"2026-09-01T14:18:47","modified_gmt":"2026-09-01T20:18:47","slug":"madre-salvadorena-pide-ayuda-a-bukele-y-logra-trasladar-a-su-bebe-desde-guatemala","status":"publish","type":"post","link":"https:\/\/elmetidosv.com\/?p=32082","title":{"rendered":"MADRE SALVADORE\u00d1A PIDE AYUDA A BUKELE Y LOGRA TRASLADAR A SU BEB\u00c9 DESDE GUATEMALA"},"content":{"rendered":"\n<p>Una madre salvadore\u00f1a residente en Guatemala solicit\u00f3 ayuda al presidente Nayib Bukele para poder trasladar a su beb\u00e9, de pocos d\u00edas de nacido, desde un hospital guatemalteco donde permanec\u00eda ingresado.<\/p>\n\n\n\n<p>Seg\u00fan el relato de la madre, el reci\u00e9n nacido presentaba una infecci\u00f3n, problemas de glucosa y requer\u00eda ox\u00edgeno. Adem\u00e1s, asegur\u00f3 que no le permit\u00edan acercarse ni visitarlo y que el centro hospitalario no contaba con los insumos necesarios para brindarle el tratamiento que necesitaba.<\/p>\n\n\n\n<p>Tras la solicitud de ayuda, el Gobierno de El Salvador coordin\u00f3 el traslado de la madre y su beb\u00e9 hacia el pa\u00eds.<\/p>\n\n\n\n<p>El peque\u00f1o ya se encuentra en El Salvador y, de acuerdo con la informaci\u00f3n compartida, permanece estable y recibe la atenci\u00f3n necesaria.<\/p>\n","protected":false},"excerpt":{"rendered":"<p>Una madre salvadore\u00f1a residente en Guatemala solicit\u00f3 ayuda al presidente Nayib Bukele para poder trasladar a su beb\u00e9, de pocos<\/p>\n","protected":false},"author":2,"featured_media":32083,"comment_status":"closed","ping_status":"","sticky":false,"template":"","format":"standard","meta":{"colormag_page_container_layout":"default_layout","colormag_page_sidebar_layout":"default_layout","footnotes":""},"categories":[1],"tags":[1947,2276,6755,14815,31,200,14354,167,14814,192,221,159,887,14813,2513],"class_list":["post-32082","post","type-post","status-publish","format-standard","has-post-thumbnail","hentry","category-nacional","tag-atencion-medica","tag-ayuda-humanitaria","tag-bebe","tag-bebe-salvadoreno","tag-el-salvador","tag-gobierno-de-el-salvador","tag-gobierno-de-el-salvador-tags-el-salvador","tag-guatemala","tag-madre-salvadorena","tag-nayib-bukele","tag-noticias-de-el-salvador","tag-recien-nacido","tag-salud","tag-traslado-desde-guatemala","tag-traslado-medico"],"_links":{"self":[{"href":"https:\/\/elmetidosv.com\/index.php?rest_route=\/wp\/v2\/posts\/32082","targetHints":{"allow":["GET"]}}],"collection":[{"href":"https:\/\/elmetidosv.com\/index.php?rest_route=\/wp\/v2\/posts"}],"about":[{"href":"https:\/\/elmetidosv.com\/index.php?rest_route=\/wp\/v2\/types\/post"}],"author":[{"embeddable":true,"href":"https:\/\/elmetidosv.com\/index.php?rest_route=\/wp\/v2\/users\/2"}],"replies":[{"embeddable":true,"href":"https:\/\/elmetidosv.com\/index.php?rest_route=%2Fwp%2Fv2%2Fcomments&post=32082"}],"version-history":[{"count":1,"href":"https:\/\/elmetidosv.com\/index.php?rest_route=\/wp\/v2\/posts\/32082\/revisions"}],"predecessor-version":[{"id":32084,"href":"https:\/\/elmetidosv.com\/index.php?rest_route=\/wp\/v2\/posts\/32082\/revisions\/32084"}],"wp:featuredmedia":[{"embeddable":true,"href":"https:\/\/elmetidosv.com\/index.php?rest_route=\/wp\/v2\/media\/32083"}],"wp:attachment":[{"href":"https:\/\/elmetidosv.com\/index.php?rest_route=%2Fwp%2Fv2%2Fmedia&parent=32082"}],"wp:term":[{"taxonomy":"category","embeddable":true,"href":"https:\/\/elmetidosv.com\/index.php?rest_route=%2Fwp%2Fv2%2Fcategories&post=32082"},{"taxonomy":"post_tag","embeddable":true,"href":"https:\/\/elmetidosv.com\/index.php?rest_route=%2Fwp%2Fv2%2Ftags&post=32082"}],"curies":[{"name":"wp","href":"https:\/\/api.w.org\/{rel}","templated":true}]}}