{"id":32078,"date":"2026-09-01T13:34:43","date_gmt":"2026-09-01T19:34:43","guid":{"rendered":"https:\/\/elmetidosv.com\/?p=32078"},"modified":"2026-09-01T13:34:43","modified_gmt":"2026-09-01T19:34:43","slug":"pronostican-lluvias-y-tormentas-para-la-tarde-y-noche-en-el-salvador","status":"publish","type":"post","link":"https:\/\/elmetidosv.com\/?p=32078","title":{"rendered":"PRONOSTICAN LLUVIAS Y TORMENTAS PARA LA TARDE Y NOCHE EN EL SALVADOR"},"content":{"rendered":"\n<figure class=\"wp-block-gallery has-nested-images columns-default is-cropped wp-block-gallery-1 is-layout-flex wp-block-gallery-is-layout-flex\">\n<figure class=\"wp-block-image size-large\"><img loading=\"lazy\" decoding=\"async\" width=\"820\" height=\"1024\" data-id=\"32080\" src=\"https:\/\/elmetidosv.com\/wp-content\/uploads\/2026\/09\/tarde-y-noche-820x1024.jpg\" alt=\"\" class=\"wp-image-32080\" srcset=\"https:\/\/elmetidosv.com\/wp-content\/uploads\/2026\/09\/tarde-y-noche-820x1024.jpg 820w, https:\/\/elmetidosv.com\/wp-content\/uploads\/2026\/09\/tarde-y-noche-240x300.jpg 240w, https:\/\/elmetidosv.com\/wp-content\/uploads\/2026\/09\/tarde-y-noche-768x960.jpg 768w, https:\/\/elmetidosv.com\/wp-content\/uploads\/2026\/09\/tarde-y-noche-1229x1536.jpg 1229w, https:\/\/elmetidosv.com\/wp-content\/uploads\/2026\/09\/tarde-y-noche.jpg 1639w\" sizes=\"auto, (max-width: 820px) 100vw, 820px\" \/><\/figure>\n<\/figure>\n\n\n\n<p>El Ministerio de Medio Ambiente prev\u00e9 <strong>lluvias y tormentas durante la tarde y noche de este martes<\/strong>, principalmente en sectores del norte, centro y occidente del pa\u00eds.<\/p>\n\n\n\n<p>Durante la tarde se esperan lluvias acompa\u00f1adas de <strong>actividad el\u00e9ctrica<\/strong> en sectores del norte de los departamentos de <strong>Santa Ana, Chalatenango, Moraz\u00e1n y La Uni\u00f3n<\/strong>.<\/p>\n\n\n\n<p>Tambi\u00e9n se prev\u00e9n precipitaciones sobre las cordilleras <strong>Apaneca-Ilamatepec, El B\u00e1lsamo y la sierra Tecapa-Chinameca<\/strong>.<\/p>\n\n\n\n<p>Durante la noche, las lluvias que se desarrollen en la zona norte podr\u00edan desplazarse hacia sectores de las zonas <strong>central y occidental<\/strong>, incluyendo el <strong>\u00c1rea Metropolitana de San Salvador y el centro de Santa Ana<\/strong>.<\/p>\n\n\n\n<p>En la zona oriental se pronostican <strong>lluvias d\u00e9biles y de corta duraci\u00f3n<\/strong> en sectores de San Miguel, Usulut\u00e1n y Moraz\u00e1n.<\/p>\n\n\n\n<p>Las autoridades recomiendan a la poblaci\u00f3n mantenerse atenta a las actualizaciones meteorol\u00f3gicas y tomar precauciones ante posibles cambios en las condiciones del tiempo.<\/p>\n\n\n\n<p>PUBLICIDAD <\/p>\n\n\n\n<figure class=\"wp-block-gallery has-nested-images columns-default is-cropped wp-block-gallery-2 is-layout-flex wp-block-gallery-is-layout-flex\">\n<figure class=\"wp-block-image size-large\"><img loading=\"lazy\" decoding=\"async\" width=\"957\" height=\"960\" data-id=\"27126\" src=\"https:\/\/elmetidosv.com\/wp-content\/uploads\/2026\/05\/2D-AZUCAR.jpg\" alt=\"\" class=\"wp-image-27126\" srcset=\"https:\/\/elmetidosv.com\/wp-content\/uploads\/2026\/05\/2D-AZUCAR.jpg 957w, https:\/\/elmetidosv.com\/wp-content\/uploads\/2026\/05\/2D-AZUCAR-300x300.jpg 300w, https:\/\/elmetidosv.com\/wp-content\/uploads\/2026\/05\/2D-AZUCAR-150x150.jpg 150w, https:\/\/elmetidosv.com\/wp-content\/uploads\/2026\/05\/2D-AZUCAR-768x770.jpg 768w\" sizes=\"auto, (max-width: 957px) 100vw, 957px\" \/><\/figure>\n<\/figure>\n","protected":false},"excerpt":{"rendered":"<p>El Ministerio de Medio Ambiente prev\u00e9 lluvias y tormentas durante la tarde y noche de este martes, principalmente en sectores<\/p>\n","protected":false},"author":2,"featured_media":32079,"comment_status":"closed","ping_status":"","sticky":false,"template":"","format":"standard","meta":{"colormag_page_container_layout":"default_layout","colormag_page_sidebar_layout":"default_layout","footnotes":""},"categories":[1],"tags":[14812,8934,251,844,297,11240,422,304,845,396,10413,295,137,126,33,11241,6589,99],"class_list":["post-32078","post","type-post","status-publish","format-standard","has-post-thumbnail","hentry","category-nacional","tag-actividad-electrica-tags-el-salvador-2","tag-apaneca-ilamatepec-2","tag-chalatenango","tag-clima","tag-clima-el-salvador","tag-el-balsamo","tag-la-union","tag-lluvias","tag-meteorologia","tag-morazan","tag-noticias-nacionales-2","tag-pronostico-del-tiempo","tag-san-miguel","tag-san-salvador","tag-santa-ana","tag-tecapa-chinameca","tag-tormentas","tag-usulutan"],"_links":{"self":[{"href":"https:\/\/elmetidosv.com\/index.php?rest_route=\/wp\/v2\/posts\/32078","targetHints":{"allow":["GET"]}}],"collection":[{"href":"https:\/\/elmetidosv.com\/index.php?rest_route=\/wp\/v2\/posts"}],"about":[{"href":"https:\/\/elmetidosv.com\/index.php?rest_route=\/wp\/v2\/types\/post"}],"author":[{"embeddable":true,"href":"https:\/\/elmetidosv.com\/index.php?rest_route=\/wp\/v2\/users\/2"}],"replies":[{"embeddable":true,"href":"https:\/\/elmetidosv.com\/index.php?rest_route=%2Fwp%2Fv2%2Fcomments&post=32078"}],"version-history":[{"count":1,"href":"https:\/\/elmetidosv.com\/index.php?rest_route=\/wp\/v2\/posts\/32078\/revisions"}],"predecessor-version":[{"id":32081,"href":"https:\/\/elmetidosv.com\/index.php?rest_route=\/wp\/v2\/posts\/32078\/revisions\/32081"}],"wp:featuredmedia":[{"embeddable":true,"href":"https:\/\/elmetidosv.com\/index.php?rest_route=\/wp\/v2\/media\/32079"}],"wp:attachment":[{"href":"https:\/\/elmetidosv.com\/index.php?rest_route=%2Fwp%2Fv2%2Fmedia&parent=32078"}],"wp:term":[{"taxonomy":"category","embeddable":true,"href":"https:\/\/elmetidosv.com\/index.php?rest_route=%2Fwp%2Fv2%2Fcategories&post=32078"},{"taxonomy":"post_tag","embeddable":true,"href":"https:\/\/elmetidosv.com\/index.php?rest_route=%2Fwp%2Fv2%2Ftags&post=32078"}],"curies":[{"name":"wp","href":"https:\/\/api.w.org\/{rel}","templated":true}]}}