{"id":32074,"date":"2026-09-01T12:06:40","date_gmt":"2026-09-01T18:06:40","guid":{"rendered":"https:\/\/elmetidosv.com\/?p=32074"},"modified":"2026-09-01T12:06:40","modified_gmt":"2026-09-01T18:06:40","slug":"camion-vuelca-tras-ser-impactado-por-un-bus-de-la-ruta-40-en-ayagualo-la-libertad","status":"publish","type":"post","link":"https:\/\/elmetidosv.com\/?p=32074","title":{"rendered":"CAMI\u00d3N VUELCA TRAS SER IMPACTADO POR UN BUS DE LA RUTA 40 EN AYAGUALO, LA LIBERTAD"},"content":{"rendered":"\n<figure class=\"wp-block-gallery has-nested-images columns-default is-cropped wp-block-gallery-1 is-layout-flex wp-block-gallery-is-layout-flex\">\n<figure class=\"wp-block-image size-large\"><img loading=\"lazy\" decoding=\"async\" width=\"1024\" height=\"681\" data-id=\"32076\" src=\"https:\/\/elmetidosv.com\/wp-content\/uploads\/2026\/09\/VOLCADO-2-1024x681.jpg\" alt=\"\" class=\"wp-image-32076\" srcset=\"https:\/\/elmetidosv.com\/wp-content\/uploads\/2026\/09\/VOLCADO-2-1024x681.jpg 1024w, https:\/\/elmetidosv.com\/wp-content\/uploads\/2026\/09\/VOLCADO-2-300x200.jpg 300w, https:\/\/elmetidosv.com\/wp-content\/uploads\/2026\/09\/VOLCADO-2-768x511.jpg 768w, https:\/\/elmetidosv.com\/wp-content\/uploads\/2026\/09\/VOLCADO-2.jpg 1440w\" sizes=\"auto, (max-width: 1024px) 100vw, 1024px\" \/><\/figure>\n<\/figure>\n\n\n\n<p>Un cami\u00f3n termin\u00f3 volcado luego de ser impactado por un autob\u00fas de la <strong>ruta 40<\/strong>, en las inmediaciones de la bomba de <strong>Ayagualo, La Libertad<\/strong>.<\/p>\n\n\n\n<p>De acuerdo con informaci\u00f3n preliminar, el conductor del autob\u00fas habr\u00eda perdido el control de la unidad, provocando la colisi\u00f3n con el cami\u00f3n.<\/p>\n\n\n\n<p>Tras el impacto, el cami\u00f3n termin\u00f3 volcado sobre la v\u00eda. En el sector tambi\u00e9n se reportan <strong>personas lesionadas<\/strong>, quienes esperan recibir atenci\u00f3n m\u00e9dica.<\/p>\n\n\n\n<p>Equipos de emergencia y las autoridades correspondientes se encuentran en la zona para atender a los afectados y realizar las diligencias respectivas.<\/p>\n\n\n\n<p>Se recomienda a los conductores <strong>circular con precauci\u00f3n<\/strong> y atender las indicaciones mientras se desarrollan las labores de emergencia.<\/p>\n\n\n\n<p>PUBLICIDAD <\/p>\n\n\n\n<figure class=\"wp-block-gallery has-nested-images columns-default is-cropped wp-block-gallery-2 is-layout-flex wp-block-gallery-is-layout-flex\">\n<figure class=\"wp-block-image size-large\"><img loading=\"lazy\" decoding=\"async\" width=\"957\" height=\"960\" data-id=\"27126\" src=\"https:\/\/elmetidosv.com\/wp-content\/uploads\/2026\/05\/2D-AZUCAR.jpg\" alt=\"\" class=\"wp-image-27126\" srcset=\"https:\/\/elmetidosv.com\/wp-content\/uploads\/2026\/05\/2D-AZUCAR.jpg 957w, https:\/\/elmetidosv.com\/wp-content\/uploads\/2026\/05\/2D-AZUCAR-300x300.jpg 300w, https:\/\/elmetidosv.com\/wp-content\/uploads\/2026\/05\/2D-AZUCAR-150x150.jpg 150w, https:\/\/elmetidosv.com\/wp-content\/uploads\/2026\/05\/2D-AZUCAR-768x770.jpg 768w\" sizes=\"auto, (max-width: 957px) 100vw, 957px\" \/><\/figure>\n<\/figure>\n","protected":false},"excerpt":{"rendered":"<p>Un cami\u00f3n termin\u00f3 volcado luego de ser impactado por un autob\u00fas de la ruta 40, en las inmediaciones de la<\/p>\n","protected":false},"author":2,"featured_media":32075,"comment_status":"closed","ping_status":"","sticky":false,"template":"","format":"standard","meta":{"colormag_page_container_layout":"default_layout","colormag_page_sidebar_layout":"default_layout","footnotes":""},"categories":[1],"tags":[110,139,1017,14810,2058,546,330,14703,115,10413,145,14811,122,831,113],"class_list":["post-32074","post","type-post","status-publish","format-standard","has-post-thumbnail","hentry","category-nacional","tag-accidente-de-transito","tag-accidente-vial","tag-autobus","tag-ayagualo","tag-camion","tag-camion-volcado","tag-emergencia","tag-emergencia-tags-el-salvador-2","tag-la-libertad","tag-noticias-nacionales-2","tag-personas-lesionadas","tag-ruta-40","tag-seguridad-vial","tag-trafico","tag-volcamiento"],"_links":{"self":[{"href":"https:\/\/elmetidosv.com\/index.php?rest_route=\/wp\/v2\/posts\/32074","targetHints":{"allow":["GET"]}}],"collection":[{"href":"https:\/\/elmetidosv.com\/index.php?rest_route=\/wp\/v2\/posts"}],"about":[{"href":"https:\/\/elmetidosv.com\/index.php?rest_route=\/wp\/v2\/types\/post"}],"author":[{"embeddable":true,"href":"https:\/\/elmetidosv.com\/index.php?rest_route=\/wp\/v2\/users\/2"}],"replies":[{"embeddable":true,"href":"https:\/\/elmetidosv.com\/index.php?rest_route=%2Fwp%2Fv2%2Fcomments&post=32074"}],"version-history":[{"count":1,"href":"https:\/\/elmetidosv.com\/index.php?rest_route=\/wp\/v2\/posts\/32074\/revisions"}],"predecessor-version":[{"id":32077,"href":"https:\/\/elmetidosv.com\/index.php?rest_route=\/wp\/v2\/posts\/32074\/revisions\/32077"}],"wp:featuredmedia":[{"embeddable":true,"href":"https:\/\/elmetidosv.com\/index.php?rest_route=\/wp\/v2\/media\/32075"}],"wp:attachment":[{"href":"https:\/\/elmetidosv.com\/index.php?rest_route=%2Fwp%2Fv2%2Fmedia&parent=32074"}],"wp:term":[{"taxonomy":"category","embeddable":true,"href":"https:\/\/elmetidosv.com\/index.php?rest_route=%2Fwp%2Fv2%2Fcategories&post=32074"},{"taxonomy":"post_tag","embeddable":true,"href":"https:\/\/elmetidosv.com\/index.php?rest_route=%2Fwp%2Fv2%2Ftags&post=32074"}],"curies":[{"name":"wp","href":"https:\/\/api.w.org\/{rel}","templated":true}]}}