{"id":32066,"date":"2026-09-01T09:56:24","date_gmt":"2026-09-01T15:56:24","guid":{"rendered":"https:\/\/elmetidosv.com\/?p=32066"},"modified":"2026-09-01T09:56:24","modified_gmt":"2026-09-01T15:56:24","slug":"mujer-fallece-tras-ser-atropellada-en-metapan","status":"publish","type":"post","link":"https:\/\/elmetidosv.com\/?p=32066","title":{"rendered":"MUJER FALLECE TRAS SER ATROPELLADA EN METAP\u00c1N"},"content":{"rendered":"\n<figure class=\"wp-block-gallery has-nested-images columns-default is-cropped wp-block-gallery-1 is-layout-flex wp-block-gallery-is-layout-flex\">\n<figure class=\"wp-block-image size-large\"><img loading=\"lazy\" decoding=\"async\" width=\"576\" height=\"1024\" data-id=\"32068\" src=\"https:\/\/elmetidosv.com\/wp-content\/uploads\/2026\/09\/meta-2-576x1024.jpg\" alt=\"\" class=\"wp-image-32068\" srcset=\"https:\/\/elmetidosv.com\/wp-content\/uploads\/2026\/09\/meta-2-576x1024.jpg 576w, https:\/\/elmetidosv.com\/wp-content\/uploads\/2026\/09\/meta-2-169x300.jpg 169w, https:\/\/elmetidosv.com\/wp-content\/uploads\/2026\/09\/meta-2.jpg 720w\" sizes=\"auto, (max-width: 576px) 100vw, 576px\" \/><\/figure>\n<\/figure>\n\n\n\n<p>Una mujer perdi\u00f3 la vida tras ser atropellada en un accidente de tr\u00e1nsito ocurrido en el sector del <strong>sem\u00e1foro de la Terminal de Metap\u00e1n, Santa Ana Norte<\/strong>.<\/p>\n\n\n\n<p>De acuerdo con la informaci\u00f3n preliminar, la v\u00edctima fue impactada por un veh\u00edculo y, debido a la gravedad de las lesiones sufridas, <strong>falleci\u00f3 en el lugar<\/strong>.<\/p>\n\n\n\n<p>Las autoridades correspondientes se trasladaron a la zona para realizar las diligencias respectivas y determinar las circunstancias en las que ocurri\u00f3 el accidente.<\/p>\n\n\n\n<p>Se recomienda a los conductores <strong>circular con precauci\u00f3n y atender las indicaciones de las autoridades<\/strong> mientras se desarrollan las labores en el sector.<\/p>\n\n\n\n<p>PUBLICIDAD <\/p>\n\n\n\n<figure class=\"wp-block-gallery has-nested-images columns-default is-cropped wp-block-gallery-2 is-layout-flex wp-block-gallery-is-layout-flex\">\n<figure class=\"wp-block-image size-large\"><img loading=\"lazy\" decoding=\"async\" width=\"1024\" height=\"1024\" data-id=\"27532\" src=\"https:\/\/elmetidosv.com\/wp-content\/uploads\/2026\/05\/logo-digital-1024x1024.jpg\" alt=\"\" class=\"wp-image-27532\" srcset=\"https:\/\/elmetidosv.com\/wp-content\/uploads\/2026\/05\/logo-digital-1024x1024.jpg 1024w, https:\/\/elmetidosv.com\/wp-content\/uploads\/2026\/05\/logo-digital-300x300.jpg 300w, https:\/\/elmetidosv.com\/wp-content\/uploads\/2026\/05\/logo-digital-150x150.jpg 150w, https:\/\/elmetidosv.com\/wp-content\/uploads\/2026\/05\/logo-digital-768x768.jpg 768w, https:\/\/elmetidosv.com\/wp-content\/uploads\/2026\/05\/logo-digital-1536x1536.jpg 1536w, https:\/\/elmetidosv.com\/wp-content\/uploads\/2026\/05\/logo-digital.jpg 1600w\" sizes=\"auto, (max-width: 1024px) 100vw, 1024px\" \/><\/figure>\n<\/figure>\n","protected":false},"excerpt":{"rendered":"<p>Una mujer perdi\u00f3 la vida tras ser atropellada en un accidente de tr\u00e1nsito ocurrido en el sector del sem\u00e1foro de<\/p>\n","protected":false},"author":2,"featured_media":32067,"comment_status":"closed","ping_status":"","sticky":false,"template":"","format":"standard","meta":{"colormag_page_container_layout":"default_layout","colormag_page_sidebar_layout":"default_layout","footnotes":""},"categories":[1],"tags":[110,9155,899,96,330,776,626,10413,33,2422,122,12323,14805,14804,120,7258],"class_list":["post-32066","post","type-post","status-publish","format-standard","has-post-thumbnail","hentry","category-nacional","tag-accidente-de-transito","tag-atropellada","tag-atropello","tag-autoridades","tag-emergencia","tag-metapan","tag-mujer-fallecida","tag-noticias-nacionales-2","tag-santa-ana","tag-santa-ana-norte","tag-seguridad-vial","tag-seguridad-vial-tags-el-salvador-3","tag-semaforo","tag-terminal-de-metapan","tag-transito","tag-victima"],"_links":{"self":[{"href":"https:\/\/elmetidosv.com\/index.php?rest_route=\/wp\/v2\/posts\/32066","targetHints":{"allow":["GET"]}}],"collection":[{"href":"https:\/\/elmetidosv.com\/index.php?rest_route=\/wp\/v2\/posts"}],"about":[{"href":"https:\/\/elmetidosv.com\/index.php?rest_route=\/wp\/v2\/types\/post"}],"author":[{"embeddable":true,"href":"https:\/\/elmetidosv.com\/index.php?rest_route=\/wp\/v2\/users\/2"}],"replies":[{"embeddable":true,"href":"https:\/\/elmetidosv.com\/index.php?rest_route=%2Fwp%2Fv2%2Fcomments&post=32066"}],"version-history":[{"count":1,"href":"https:\/\/elmetidosv.com\/index.php?rest_route=\/wp\/v2\/posts\/32066\/revisions"}],"predecessor-version":[{"id":32069,"href":"https:\/\/elmetidosv.com\/index.php?rest_route=\/wp\/v2\/posts\/32066\/revisions\/32069"}],"wp:featuredmedia":[{"embeddable":true,"href":"https:\/\/elmetidosv.com\/index.php?rest_route=\/wp\/v2\/media\/32067"}],"wp:attachment":[{"href":"https:\/\/elmetidosv.com\/index.php?rest_route=%2Fwp%2Fv2%2Fmedia&parent=32066"}],"wp:term":[{"taxonomy":"category","embeddable":true,"href":"https:\/\/elmetidosv.com\/index.php?rest_route=%2Fwp%2Fv2%2Fcategories&post=32066"},{"taxonomy":"post_tag","embeddable":true,"href":"https:\/\/elmetidosv.com\/index.php?rest_route=%2Fwp%2Fv2%2Ftags&post=32066"}],"curies":[{"name":"wp","href":"https:\/\/api.w.org\/{rel}","templated":true}]}}