{"id":32060,"date":"2026-09-01T09:49:48","date_gmt":"2026-09-01T15:49:48","guid":{"rendered":"https:\/\/elmetidosv.com\/?p=32060"},"modified":"2026-09-01T09:52:12","modified_gmt":"2026-09-01T15:52:12","slug":"alcalde-de-santa-ana-centro-participa-en-inauguracion-del-mes-civico","status":"publish","type":"post","link":"https:\/\/elmetidosv.com\/?p=32060","title":{"rendered":"ALCALDE DE SANTA ANA CENTRO PARTICIPA EN INAUGURACI\u00d3N DEL MES C\u00cdVICO"},"content":{"rendered":"\n<figure class=\"wp-block-gallery has-nested-images columns-default is-cropped wp-block-gallery-1 is-layout-flex wp-block-gallery-is-layout-flex\">\n<figure class=\"wp-block-image size-large\"><img loading=\"lazy\" decoding=\"async\" width=\"1024\" height=\"683\" data-id=\"32062\" src=\"https:\/\/elmetidosv.com\/wp-content\/uploads\/2026\/09\/gus-1-1024x683.jpg\" alt=\"\" class=\"wp-image-32062\" srcset=\"https:\/\/elmetidosv.com\/wp-content\/uploads\/2026\/09\/gus-1-1024x683.jpg 1024w, https:\/\/elmetidosv.com\/wp-content\/uploads\/2026\/09\/gus-1-300x200.jpg 300w, https:\/\/elmetidosv.com\/wp-content\/uploads\/2026\/09\/gus-1-768x512.jpg 768w, https:\/\/elmetidosv.com\/wp-content\/uploads\/2026\/09\/gus-1.jpg 1440w\" sizes=\"auto, (max-width: 1024px) 100vw, 1024px\" \/><\/figure>\n<\/figure>\n\n\n\n<p>El alcalde de <strong>Santa Ana Centro, Gustavo Acevedo<\/strong>, particip\u00f3 junto a otras autoridades en los actos de inauguraci\u00f3n del <strong>Mes C\u00edvico<\/strong>, una jornada en la que tambi\u00e9n estuvieron presentes estudiantes de diferentes instituciones educativas.<\/p>\n\n\n\n<p>Durante la actividad, los funcionarios destacaron que El Salvador atraviesa una etapa de mayor tranquilidad y seguridad, condiciones que, seg\u00fan expresaron, permiten a j\u00f3venes y adultos participar en las actividades de las fiestas patrias.<\/p>\n\n\n\n<figure class=\"wp-block-gallery has-nested-images columns-default is-cropped wp-block-gallery-2 is-layout-flex wp-block-gallery-is-layout-flex\">\n<figure class=\"wp-block-image size-large\"><img loading=\"lazy\" decoding=\"async\" width=\"1024\" height=\"576\" data-id=\"32063\" src=\"https:\/\/elmetidosv.com\/wp-content\/uploads\/2026\/09\/gus-2-1024x576.jpg\" alt=\"\" class=\"wp-image-32063\" srcset=\"https:\/\/elmetidosv.com\/wp-content\/uploads\/2026\/09\/gus-2-1024x576.jpg 1024w, https:\/\/elmetidosv.com\/wp-content\/uploads\/2026\/09\/gus-2-300x169.jpg 300w, https:\/\/elmetidosv.com\/wp-content\/uploads\/2026\/09\/gus-2-768x432.jpg 768w, https:\/\/elmetidosv.com\/wp-content\/uploads\/2026\/09\/gus-2.jpg 1440w\" sizes=\"auto, (max-width: 1024px) 100vw, 1024px\" \/><\/figure>\n<\/figure>\n\n\n\n<p>Las autoridades invitaron a la poblaci\u00f3n a participar en las diferentes actividades programadas durante el Mes C\u00edvico y a celebrar las tradiciones que forman parte de las fiestas patrias salvadore\u00f1as.<\/p>\n\n\n\n<p>Por su parte, el alcalde Gustavo Acevedo destac\u00f3 la importancia de estas fechas y expres\u00f3 su compromiso con el desarrollo del municipio.<\/p>\n\n\n\n<blockquote class=\"wp-block-quote is-layout-flow wp-block-quote-is-layout-flow\">\n<p>\u201cQue este Mes C\u00edvico nos inspire a seguir trabajando con amor y compromiso por nuestra tierra, construyendo un mejor futuro y generando m\u00e1s oportunidades para todos\u201d.<\/p>\n<\/blockquote>\n\n\n\n<p>La actividad cont\u00f3 con la participaci\u00f3n de representantes de diferentes instituciones y estudiantes, quienes dieron inicio a las actividades conmemorativas del Mes C\u00edvico.<\/p>\n\n\n\n<figure class=\"wp-block-gallery has-nested-images columns-default is-cropped wp-block-gallery-3 is-layout-flex wp-block-gallery-is-layout-flex\">\n<figure class=\"wp-block-image size-large\"><img loading=\"lazy\" decoding=\"async\" width=\"1024\" height=\"683\" data-id=\"32064\" src=\"https:\/\/elmetidosv.com\/wp-content\/uploads\/2026\/09\/gus-3-1024x683.jpg\" alt=\"\" class=\"wp-image-32064\" srcset=\"https:\/\/elmetidosv.com\/wp-content\/uploads\/2026\/09\/gus-3-1024x683.jpg 1024w, https:\/\/elmetidosv.com\/wp-content\/uploads\/2026\/09\/gus-3-300x200.jpg 300w, https:\/\/elmetidosv.com\/wp-content\/uploads\/2026\/09\/gus-3-768x512.jpg 768w, https:\/\/elmetidosv.com\/wp-content\/uploads\/2026\/09\/gus-3.jpg 1440w\" sizes=\"auto, (max-width: 1024px) 100vw, 1024px\" \/><\/figure>\n<\/figure>\n","protected":false},"excerpt":{"rendered":"<p>El alcalde de Santa Ana Centro, Gustavo Acevedo, particip\u00f3 junto a otras autoridades en los actos de inauguraci\u00f3n del Mes<\/p>\n","protected":false},"author":2,"featured_media":32061,"comment_status":"closed","ping_status":"closed","sticky":false,"template":"","format":"standard","meta":{"colormag_page_container_layout":"default_layout","colormag_page_sidebar_layout":"default_layout","footnotes":""},"categories":[1],"tags":[14801,96,7990,14802,81,31,189,13242,13710,14803,14800,10413,33,552,93,13238],"class_list":["post-32060","post","type-post","status-publish","format-standard","has-post-thumbnail","hentry","category-nacional","tag-actos-civicos","tag-autoridades","tag-celebracion","tag-celebracion-tags-el-salvador","tag-educacion","tag-el-salvador","tag-estudiantes","tag-fiestas-patrias","tag-gustavo-acevedo","tag-identidad-nacional","tag-mes-civico","tag-noticias-nacionales-2","tag-santa-ana","tag-santa-ana-centro","tag-seguridad","tag-septiembre"],"_links":{"self":[{"href":"https:\/\/elmetidosv.com\/index.php?rest_route=\/wp\/v2\/posts\/32060","targetHints":{"allow":["GET"]}}],"collection":[{"href":"https:\/\/elmetidosv.com\/index.php?rest_route=\/wp\/v2\/posts"}],"about":[{"href":"https:\/\/elmetidosv.com\/index.php?rest_route=\/wp\/v2\/types\/post"}],"author":[{"embeddable":true,"href":"https:\/\/elmetidosv.com\/index.php?rest_route=\/wp\/v2\/users\/2"}],"replies":[{"embeddable":true,"href":"https:\/\/elmetidosv.com\/index.php?rest_route=%2Fwp%2Fv2%2Fcomments&post=32060"}],"version-history":[{"count":1,"href":"https:\/\/elmetidosv.com\/index.php?rest_route=\/wp\/v2\/posts\/32060\/revisions"}],"predecessor-version":[{"id":32065,"href":"https:\/\/elmetidosv.com\/index.php?rest_route=\/wp\/v2\/posts\/32060\/revisions\/32065"}],"wp:featuredmedia":[{"embeddable":true,"href":"https:\/\/elmetidosv.com\/index.php?rest_route=\/wp\/v2\/media\/32061"}],"wp:attachment":[{"href":"https:\/\/elmetidosv.com\/index.php?rest_route=%2Fwp%2Fv2%2Fmedia&parent=32060"}],"wp:term":[{"taxonomy":"category","embeddable":true,"href":"https:\/\/elmetidosv.com\/index.php?rest_route=%2Fwp%2Fv2%2Fcategories&post=32060"},{"taxonomy":"post_tag","embeddable":true,"href":"https:\/\/elmetidosv.com\/index.php?rest_route=%2Fwp%2Fv2%2Ftags&post=32060"}],"curies":[{"name":"wp","href":"https:\/\/api.w.org\/{rel}","templated":true}]}}