{"id":32052,"date":"2026-08-31T16:15:02","date_gmt":"2026-08-31T22:15:02","guid":{"rendered":"https:\/\/elmetidosv.com\/?p=32052"},"modified":"2026-08-31T16:15:02","modified_gmt":"2026-08-31T22:15:02","slug":"recuperan-cuerpo-de-adulto-mayor-en-una-quebrada-de-dificil-acceso-en-santa-ana","status":"publish","type":"post","link":"https:\/\/elmetidosv.com\/?p=32052","title":{"rendered":"RECUPERAN CUERPO DE ADULTO MAYOR EN UNA QUEBRADA DE DIF\u00cdCIL ACCESO EN SANTA ANA"},"content":{"rendered":"\n<figure class=\"wp-block-gallery has-nested-images columns-default is-cropped wp-block-gallery-1 is-layout-flex wp-block-gallery-is-layout-flex\">\n<figure class=\"wp-block-image size-large\"><img loading=\"lazy\" decoding=\"async\" width=\"1024\" height=\"577\" data-id=\"32054\" src=\"https:\/\/elmetidosv.com\/wp-content\/uploads\/2026\/08\/seno-2-1024x577.jpg\" alt=\"\" class=\"wp-image-32054\" srcset=\"https:\/\/elmetidosv.com\/wp-content\/uploads\/2026\/08\/seno-2-1024x577.jpg 1024w, https:\/\/elmetidosv.com\/wp-content\/uploads\/2026\/08\/seno-2-300x169.jpg 300w, https:\/\/elmetidosv.com\/wp-content\/uploads\/2026\/08\/seno-2-768x432.jpg 768w, https:\/\/elmetidosv.com\/wp-content\/uploads\/2026\/08\/seno-2-1536x865.jpg 1536w, https:\/\/elmetidosv.com\/wp-content\/uploads\/2026\/08\/seno-2.jpg 2048w\" sizes=\"auto, (max-width: 1024px) 100vw, 1024px\" \/><\/figure>\n<\/figure>\n\n\n\n<p>La unidad de rescate de <strong>Cruz Verde Santa Ana<\/strong> realiz\u00f3 la recuperaci\u00f3n del cuerpo sin vida de una persona de la tercera edad, localizado en una quebrada de dif\u00edcil acceso sobre la <strong>calle hacia Los Planes, cant\u00f3n El Resbaladero, Santa Ana<\/strong>.<\/p>\n\n\n\n<p>Para acceder al lugar, los rescatistas contaron con el apoyo de la <strong>Unidad de Gesti\u00f3n de Riesgos<\/strong>, debido a las condiciones del terreno y la dificultad para llegar hasta el punto donde se encontraba el cuerpo.<\/p>\n\n\n\n<p>Los equipos realizaron las labores de recuperaci\u00f3n y extracci\u00f3n en apoyo a las autoridades judiciales, quienes posteriormente llevar\u00edan a cabo el procedimiento correspondiente para el <strong>reconocimiento e identificaci\u00f3n de la persona fallecida<\/strong>.<\/p>\n\n\n\n<figure class=\"wp-block-gallery has-nested-images columns-default is-cropped wp-block-gallery-2 is-layout-flex wp-block-gallery-is-layout-flex\">\n<figure class=\"wp-block-image size-large\"><img loading=\"lazy\" decoding=\"async\" width=\"1024\" height=\"577\" data-id=\"32055\" src=\"https:\/\/elmetidosv.com\/wp-content\/uploads\/2026\/08\/seno-3-1024x577.jpg\" alt=\"\" class=\"wp-image-32055\" srcset=\"https:\/\/elmetidosv.com\/wp-content\/uploads\/2026\/08\/seno-3-1024x577.jpg 1024w, https:\/\/elmetidosv.com\/wp-content\/uploads\/2026\/08\/seno-3-300x169.jpg 300w, https:\/\/elmetidosv.com\/wp-content\/uploads\/2026\/08\/seno-3-768x432.jpg 768w, https:\/\/elmetidosv.com\/wp-content\/uploads\/2026\/08\/seno-3-1536x865.jpg 1536w, https:\/\/elmetidosv.com\/wp-content\/uploads\/2026\/08\/seno-3.jpg 2048w\" sizes=\"auto, (max-width: 1024px) 100vw, 1024px\" \/><\/figure>\n<\/figure>\n\n\n\n<p>Hasta el momento no se han establecido p\u00fablicamente las circunstancias en las que ocurri\u00f3 el fallecimiento, por lo que ser\u00e1n las autoridades correspondientes las encargadas de determinar lo sucedido.<\/p>\n\n\n\n<p>PUBLICIDAD <\/p>\n\n\n\n<figure class=\"wp-block-gallery has-nested-images columns-default is-cropped wp-block-gallery-3 is-layout-flex wp-block-gallery-is-layout-flex\">\n<figure class=\"wp-block-image size-large\"><img loading=\"lazy\" decoding=\"async\" width=\"1024\" height=\"1024\" data-id=\"27532\" src=\"https:\/\/elmetidosv.com\/wp-content\/uploads\/2026\/05\/logo-digital-1024x1024.jpg\" alt=\"\" class=\"wp-image-27532\" srcset=\"https:\/\/elmetidosv.com\/wp-content\/uploads\/2026\/05\/logo-digital-1024x1024.jpg 1024w, https:\/\/elmetidosv.com\/wp-content\/uploads\/2026\/05\/logo-digital-300x300.jpg 300w, https:\/\/elmetidosv.com\/wp-content\/uploads\/2026\/05\/logo-digital-150x150.jpg 150w, https:\/\/elmetidosv.com\/wp-content\/uploads\/2026\/05\/logo-digital-768x768.jpg 768w, https:\/\/elmetidosv.com\/wp-content\/uploads\/2026\/05\/logo-digital-1536x1536.jpg 1536w, https:\/\/elmetidosv.com\/wp-content\/uploads\/2026\/05\/logo-digital.jpg 1600w\" sizes=\"auto, (max-width: 1024px) 100vw, 1024px\" \/><\/figure>\n<\/figure>\n","protected":false},"excerpt":{"rendered":"<p>La unidad de rescate de Cruz Verde Santa Ana realiz\u00f3 la recuperaci\u00f3n del cuerpo sin vida de una persona de<\/p>\n","protected":false},"author":2,"featured_media":32053,"comment_status":"closed","ping_status":"","sticky":false,"template":"","format":"standard","meta":{"colormag_page_container_layout":"default_layout","colormag_page_sidebar_layout":"default_layout","footnotes":""},"categories":[1],"tags":[385,3131,96,14792,14791,149,2860,14795,330,380,14793,10413,7993,7894,14790,382,33,387,14794],"class_list":["post-32052","post","type-post","status-publish","format-standard","has-post-thumbnail","hentry","category-nacional","tag-adulto-mayor","tag-adulto-mayor-fallecido","tag-autoridades","tag-autoridades-judiciales-tags-el-salvador","tag-canton-el-resbaladero","tag-cruz-verde","tag-cruz-verde-santa-ana","tag-el-resbaladero","tag-emergencia","tag-fallecido","tag-los-planes","tag-noticias-nacionales-2","tag-quebrada","tag-recuperacion","tag-recuperacion-de-cuerpo","tag-rescate","tag-santa-ana","tag-socorristas","tag-unidad-de-gestion-de-riesgos"],"_links":{"self":[{"href":"https:\/\/elmetidosv.com\/index.php?rest_route=\/wp\/v2\/posts\/32052","targetHints":{"allow":["GET"]}}],"collection":[{"href":"https:\/\/elmetidosv.com\/index.php?rest_route=\/wp\/v2\/posts"}],"about":[{"href":"https:\/\/elmetidosv.com\/index.php?rest_route=\/wp\/v2\/types\/post"}],"author":[{"embeddable":true,"href":"https:\/\/elmetidosv.com\/index.php?rest_route=\/wp\/v2\/users\/2"}],"replies":[{"embeddable":true,"href":"https:\/\/elmetidosv.com\/index.php?rest_route=%2Fwp%2Fv2%2Fcomments&post=32052"}],"version-history":[{"count":1,"href":"https:\/\/elmetidosv.com\/index.php?rest_route=\/wp\/v2\/posts\/32052\/revisions"}],"predecessor-version":[{"id":32056,"href":"https:\/\/elmetidosv.com\/index.php?rest_route=\/wp\/v2\/posts\/32052\/revisions\/32056"}],"wp:featuredmedia":[{"embeddable":true,"href":"https:\/\/elmetidosv.com\/index.php?rest_route=\/wp\/v2\/media\/32053"}],"wp:attachment":[{"href":"https:\/\/elmetidosv.com\/index.php?rest_route=%2Fwp%2Fv2%2Fmedia&parent=32052"}],"wp:term":[{"taxonomy":"category","embeddable":true,"href":"https:\/\/elmetidosv.com\/index.php?rest_route=%2Fwp%2Fv2%2Fcategories&post=32052"},{"taxonomy":"post_tag","embeddable":true,"href":"https:\/\/elmetidosv.com\/index.php?rest_route=%2Fwp%2Fv2%2Ftags&post=32052"}],"curies":[{"name":"wp","href":"https:\/\/api.w.org\/{rel}","templated":true}]}}