{"id":32048,"date":"2026-08-31T13:30:28","date_gmt":"2026-08-31T19:30:28","guid":{"rendered":"https:\/\/elmetidosv.com\/?p=32048"},"modified":"2026-08-31T13:30:28","modified_gmt":"2026-08-31T19:30:28","slug":"mujer-de-22-anos-muere-tras-ser-lesionada-con-arma-blanca-en-jerusalen-la-paz","status":"publish","type":"post","link":"https:\/\/elmetidosv.com\/?p=32048","title":{"rendered":"MUJER DE 22 A\u00d1OS MUERE TRAS SER LESIONADA CON ARMA BLANCA EN JERUSAL\u00c9N, LA PAZ"},"content":{"rendered":"\n<figure class=\"wp-block-gallery has-nested-images columns-default is-cropped wp-block-gallery-1 is-layout-flex wp-block-gallery-is-layout-flex\">\n<figure class=\"wp-block-image size-large\"><img loading=\"lazy\" decoding=\"async\" width=\"719\" height=\"608\" data-id=\"32049\" src=\"https:\/\/elmetidosv.com\/wp-content\/uploads\/2026\/08\/poli-1.jpg\" alt=\"\" class=\"wp-image-32049\" srcset=\"https:\/\/elmetidosv.com\/wp-content\/uploads\/2026\/08\/poli-1.jpg 719w, https:\/\/elmetidosv.com\/wp-content\/uploads\/2026\/08\/poli-1-300x254.jpg 300w\" sizes=\"auto, (max-width: 719px) 100vw, 719px\" \/><\/figure>\n<\/figure>\n\n\n\n<p>La Polic\u00eda Nacional Civil (PNC) report\u00f3 un hecho violento en el <strong>distrito de Jerusal\u00e9n, municipio de La Paz Centro<\/strong>, donde una mujer de 22 a\u00f1os perdi\u00f3 la vida tras resultar lesionada con un arma blanca.<\/p>\n\n\n\n<p>De acuerdo con la informaci\u00f3n preliminar proporcionada por las autoridades, el principal se\u00f1alado en el caso es <strong>F\u00e9lix Antonio Zepeda C\u00f3rdova, de 32 a\u00f1os<\/strong>, quien habr\u00eda sido pareja de la v\u00edctima.<\/p>\n\n\n\n<p>Tras el hecho, equipos policiales localizaron al hombre <strong>suspendido de un \u00e1rbol en un predio cercano<\/strong>, por lo que las autoridades investigan las circunstancias de su muerte.<\/p>\n\n\n\n<p>El caso se encuentra bajo investigaci\u00f3n para establecer con precisi\u00f3n c\u00f3mo ocurrieron los hechos y determinar las responsabilidades correspondientes.<\/p>\n\n\n\n<p>Las autoridades procesan la escena y recopilan evidencias que permitan esclarecer este caso.<\/p>\n\n\n\n<p>PUBLICIDAD <\/p>\n\n\n\n<figure class=\"wp-block-gallery has-nested-images columns-default is-cropped wp-block-gallery-2 is-layout-flex wp-block-gallery-is-layout-flex\">\n<figure class=\"wp-block-image size-large\"><img loading=\"lazy\" decoding=\"async\" width=\"1024\" height=\"1024\" data-id=\"27532\" src=\"https:\/\/elmetidosv.com\/wp-content\/uploads\/2026\/05\/logo-digital-1024x1024.jpg\" alt=\"\" class=\"wp-image-27532\" srcset=\"https:\/\/elmetidosv.com\/wp-content\/uploads\/2026\/05\/logo-digital-1024x1024.jpg 1024w, https:\/\/elmetidosv.com\/wp-content\/uploads\/2026\/05\/logo-digital-300x300.jpg 300w, https:\/\/elmetidosv.com\/wp-content\/uploads\/2026\/05\/logo-digital-150x150.jpg 150w, https:\/\/elmetidosv.com\/wp-content\/uploads\/2026\/05\/logo-digital-768x768.jpg 768w, https:\/\/elmetidosv.com\/wp-content\/uploads\/2026\/05\/logo-digital-1536x1536.jpg 1536w, https:\/\/elmetidosv.com\/wp-content\/uploads\/2026\/05\/logo-digital.jpg 1600w\" sizes=\"auto, (max-width: 1024px) 100vw, 1024px\" \/><\/figure>\n<\/figure>\n","protected":false},"excerpt":{"rendered":"<p>La Polic\u00eda Nacional Civil (PNC) report\u00f3 un hecho violento en el distrito de Jerusal\u00e9n, municipio de La Paz Centro, donde<\/p>\n","protected":false},"author":2,"featured_media":32050,"comment_status":"closed","ping_status":"","sticky":false,"template":"","format":"standard","meta":{"colormag_page_container_layout":"default_layout","colormag_page_sidebar_layout":"default_layout","footnotes":""},"categories":[1],"tags":[2455,11383,14788,22,6395,453,6413,14789,626,10413,9108,85,361,93,528,216],"class_list":["post-32048","post","type-post","status-publish","format-standard","has-post-thumbnail","hentry","category-nacional","tag-arma-blanca","tag-el-salvador-tags-el-salvador-3","tag-felix-antonio-zepeda-cordova","tag-investigacion","tag-jerusalen","tag-la-paz","tag-la-paz-centro","tag-mujer-de-22-anos","tag-mujer-fallecida","tag-noticias-nacionales-2","tag-pareja","tag-pnc","tag-policia-nacional-civil","tag-seguridad","tag-sucesos","tag-violencia"],"_links":{"self":[{"href":"https:\/\/elmetidosv.com\/index.php?rest_route=\/wp\/v2\/posts\/32048","targetHints":{"allow":["GET"]}}],"collection":[{"href":"https:\/\/elmetidosv.com\/index.php?rest_route=\/wp\/v2\/posts"}],"about":[{"href":"https:\/\/elmetidosv.com\/index.php?rest_route=\/wp\/v2\/types\/post"}],"author":[{"embeddable":true,"href":"https:\/\/elmetidosv.com\/index.php?rest_route=\/wp\/v2\/users\/2"}],"replies":[{"embeddable":true,"href":"https:\/\/elmetidosv.com\/index.php?rest_route=%2Fwp%2Fv2%2Fcomments&post=32048"}],"version-history":[{"count":1,"href":"https:\/\/elmetidosv.com\/index.php?rest_route=\/wp\/v2\/posts\/32048\/revisions"}],"predecessor-version":[{"id":32051,"href":"https:\/\/elmetidosv.com\/index.php?rest_route=\/wp\/v2\/posts\/32048\/revisions\/32051"}],"wp:featuredmedia":[{"embeddable":true,"href":"https:\/\/elmetidosv.com\/index.php?rest_route=\/wp\/v2\/media\/32050"}],"wp:attachment":[{"href":"https:\/\/elmetidosv.com\/index.php?rest_route=%2Fwp%2Fv2%2Fmedia&parent=32048"}],"wp:term":[{"taxonomy":"category","embeddable":true,"href":"https:\/\/elmetidosv.com\/index.php?rest_route=%2Fwp%2Fv2%2Fcategories&post=32048"},{"taxonomy":"post_tag","embeddable":true,"href":"https:\/\/elmetidosv.com\/index.php?rest_route=%2Fwp%2Fv2%2Ftags&post=32048"}],"curies":[{"name":"wp","href":"https:\/\/api.w.org\/{rel}","templated":true}]}}