{"id":32043,"date":"2026-08-31T11:10:34","date_gmt":"2026-08-31T17:10:34","guid":{"rendered":"https:\/\/elmetidosv.com\/?p=32043"},"modified":"2026-08-31T11:35:08","modified_gmt":"2026-08-31T17:35:08","slug":"lionel-messi-anuncia-su-retiro-de-la-seleccion-argentina","status":"publish","type":"post","link":"https:\/\/elmetidosv.com\/?p=32043","title":{"rendered":"LIONEL MESSI ANUNCIA SU RETIRO DE LA SELECCI\u00d3N ARGENTINA"},"content":{"rendered":"\n<figure class=\"wp-block-gallery has-nested-images columns-default is-cropped wp-block-gallery-1 is-layout-flex wp-block-gallery-is-layout-flex\">\n<figure class=\"wp-block-image size-large\"><img loading=\"lazy\" decoding=\"async\" width=\"847\" height=\"1024\" data-id=\"32045\" src=\"https:\/\/elmetidosv.com\/wp-content\/uploads\/2026\/08\/messi-2-847x1024.jpg\" alt=\"\" class=\"wp-image-32045\" srcset=\"https:\/\/elmetidosv.com\/wp-content\/uploads\/2026\/08\/messi-2-847x1024.jpg 847w, https:\/\/elmetidosv.com\/wp-content\/uploads\/2026\/08\/messi-2-248x300.jpg 248w, https:\/\/elmetidosv.com\/wp-content\/uploads\/2026\/08\/messi-2-768x928.jpg 768w, https:\/\/elmetidosv.com\/wp-content\/uploads\/2026\/08\/messi-2-1271x1536.jpg 1271w, https:\/\/elmetidosv.com\/wp-content\/uploads\/2026\/08\/messi-2.jpg 1290w\" sizes=\"auto, (max-width: 847px) 100vw, 847px\" \/><\/figure>\n<\/figure>\n\n\n\n<p><strong>Lionel Messi anunci\u00f3 oficialmente su retiro de la Selecci\u00f3n Argentina<\/strong>, poniendo fin a una trayectoria de m\u00e1s de dos d\u00e9cadas con la camiseta albiceleste.<\/p>\n\n\n\n<p>El capit\u00e1n argentino comunic\u00f3 su decisi\u00f3n este lunes 31 de agosto a trav\u00e9s de sus redes sociales, mediante una emotiva carta en la que explic\u00f3 que comenz\u00f3 a considerar su retiro despu\u00e9s de la derrota ante Espa\u00f1a en la <strong>final del Mundial 2026<\/strong> y que, tras el fallecimiento de su padre, qued\u00f3 a\u00fan m\u00e1s convencido de que era el momento de cerrar esta etapa.<\/p>\n\n\n\n<p>\u201cFue una decisi\u00f3n que duele en el alma pero entiendo que es el momento. Me vaci\u00e9, ya no tengo nada m\u00e1s para dar. Ahora voy a ser uno m\u00e1s, alentando y bancando siempre desde afuera. Me voy con la tranquilidad y el orgullo de haberles regalado momentos so\u00f1ados\u201d, expres\u00f3 Messi en su mensaje.<\/p>\n\n\n\n<p>El futbolista, de <strong>39 a\u00f1os<\/strong>, cierra as\u00ed una de las etapas m\u00e1s importantes de la historia del f\u00fatbol argentino. Con la Albiceleste conquist\u00f3 la <strong>Copa Am\u00e9rica 2021, la Copa Am\u00e9rica 2024 y el Mundial de Qatar 2022<\/strong>, adem\u00e1s de otros t\u00edtulos internacionales.<\/p>\n\n\n\n<figure class=\"wp-block-gallery has-nested-images columns-default is-cropped wp-block-gallery-2 is-layout-flex wp-block-gallery-is-layout-flex\">\n<figure class=\"wp-block-image size-large\"><img loading=\"lazy\" decoding=\"async\" width=\"511\" height=\"621\" data-id=\"32046\" src=\"https:\/\/elmetidosv.com\/wp-content\/uploads\/2026\/08\/messi-3.png\" alt=\"\" class=\"wp-image-32046\" srcset=\"https:\/\/elmetidosv.com\/wp-content\/uploads\/2026\/08\/messi-3.png 511w, https:\/\/elmetidosv.com\/wp-content\/uploads\/2026\/08\/messi-3-247x300.png 247w\" sizes=\"auto, (max-width: 511px) 100vw, 511px\" \/><\/figure>\n<\/figure>\n\n\n\n<p>Messi tambi\u00e9n agradeci\u00f3 a su familia, entrenadores, compa\u00f1eros, dirigentes y aficionados por el respaldo recibido durante sus aproximadamente <strong>20 a\u00f1os con la selecci\u00f3n mayor<\/strong>.<\/p>\n\n\n\n<p>Su \u00faltimo partido con Argentina fue la final del Mundial 2026 frente a Espa\u00f1a, encuentro que termin\u00f3 con derrota para la Albiceleste.<\/p>\n\n\n\n<p>Con su retiro internacional, Messi pone punto final a una era marcada por t\u00edtulos, r\u00e9cords y una hist\u00f3rica transformaci\u00f3n de su relaci\u00f3n con la selecci\u00f3n, despu\u00e9s de a\u00f1os en los que fue duramente cuestionado por no conseguir campeonatos con Argentina.<\/p>\n\n\n\n<p>PUBLICIDAD <\/p>\n\n\n\n<figure class=\"wp-block-gallery has-nested-images columns-default is-cropped wp-block-gallery-3 is-layout-flex wp-block-gallery-is-layout-flex\">\n<figure class=\"wp-block-image size-large\"><img loading=\"lazy\" decoding=\"async\" width=\"957\" height=\"960\" data-id=\"27126\" src=\"https:\/\/elmetidosv.com\/wp-content\/uploads\/2026\/05\/2D-AZUCAR.jpg\" alt=\"\" class=\"wp-image-27126\" srcset=\"https:\/\/elmetidosv.com\/wp-content\/uploads\/2026\/05\/2D-AZUCAR.jpg 957w, https:\/\/elmetidosv.com\/wp-content\/uploads\/2026\/05\/2D-AZUCAR-300x300.jpg 300w, https:\/\/elmetidosv.com\/wp-content\/uploads\/2026\/05\/2D-AZUCAR-150x150.jpg 150w, https:\/\/elmetidosv.com\/wp-content\/uploads\/2026\/05\/2D-AZUCAR-768x770.jpg 768w\" sizes=\"auto, (max-width: 957px) 100vw, 957px\" \/><\/figure>\n<\/figure>\n","protected":false},"excerpt":{"rendered":"<p>Lionel Messi anunci\u00f3 oficialmente su retiro de la Selecci\u00f3n Argentina, poniendo fin a una trayectoria de m\u00e1s de dos d\u00e9cadas<\/p>\n","protected":false},"author":2,"featured_media":32044,"comment_status":"closed","ping_status":"closed","sticky":false,"template":"","format":"standard","meta":{"colormag_page_container_layout":"default_layout","colormag_page_sidebar_layout":"default_layout","footnotes":""},"categories":[7],"tags":[14781,2899,14779,10543,2635,14785,14787,11301,14784,14786,13385,7098,14782,1140,6001,14783,14780],"class_list":["post-32043","post","type-post","status-publish","format-standard","has-post-thumbnail","hentry","category-deportes","tag-albiceleste","tag-argentina","tag-copa-america","tag-copa-del-mundo-2","tag-futbol","tag-futbol-argentino-tags-lionel-messi","tag-futbol-internacional-2","tag-lionel-messi","tag-lionel-messi-retiro","tag-lionel-scaloni","tag-messi","tag-mundial-2026","tag-mundial-de-qatar-2022","tag-noticias-deportivas","tag-retiro","tag-retiro-de-messi","tag-seleccion-argentina"],"_links":{"self":[{"href":"https:\/\/elmetidosv.com\/index.php?rest_route=\/wp\/v2\/posts\/32043","targetHints":{"allow":["GET"]}}],"collection":[{"href":"https:\/\/elmetidosv.com\/index.php?rest_route=\/wp\/v2\/posts"}],"about":[{"href":"https:\/\/elmetidosv.com\/index.php?rest_route=\/wp\/v2\/types\/post"}],"author":[{"embeddable":true,"href":"https:\/\/elmetidosv.com\/index.php?rest_route=\/wp\/v2\/users\/2"}],"replies":[{"embeddable":true,"href":"https:\/\/elmetidosv.com\/index.php?rest_route=%2Fwp%2Fv2%2Fcomments&post=32043"}],"version-history":[{"count":1,"href":"https:\/\/elmetidosv.com\/index.php?rest_route=\/wp\/v2\/posts\/32043\/revisions"}],"predecessor-version":[{"id":32047,"href":"https:\/\/elmetidosv.com\/index.php?rest_route=\/wp\/v2\/posts\/32043\/revisions\/32047"}],"wp:featuredmedia":[{"embeddable":true,"href":"https:\/\/elmetidosv.com\/index.php?rest_route=\/wp\/v2\/media\/32044"}],"wp:attachment":[{"href":"https:\/\/elmetidosv.com\/index.php?rest_route=%2Fwp%2Fv2%2Fmedia&parent=32043"}],"wp:term":[{"taxonomy":"category","embeddable":true,"href":"https:\/\/elmetidosv.com\/index.php?rest_route=%2Fwp%2Fv2%2Fcategories&post=32043"},{"taxonomy":"post_tag","embeddable":true,"href":"https:\/\/elmetidosv.com\/index.php?rest_route=%2Fwp%2Fv2%2Ftags&post=32043"}],"curies":[{"name":"wp","href":"https:\/\/api.w.org\/{rel}","templated":true}]}}