{"id":32039,"date":"2026-08-31T10:59:07","date_gmt":"2026-08-31T16:59:07","guid":{"rendered":"https:\/\/elmetidosv.com\/?p=32039"},"modified":"2026-08-31T10:59:07","modified_gmt":"2026-08-31T16:59:07","slug":"paseo-familiar-termino-en-tragedia-en-el-lago-de-coatepeque-santa-ana","status":"publish","type":"post","link":"https:\/\/elmetidosv.com\/?p=32039","title":{"rendered":"PASEO FAMILIAR TERMIN\u00d3 EN TRAGEDIA EN EL LAGO DE COATEPEQUE, SANTA ANA"},"content":{"rendered":"\n<figure class=\"wp-block-gallery has-nested-images columns-default is-cropped wp-block-gallery-1 is-layout-flex wp-block-gallery-is-layout-flex\">\n<figure class=\"wp-block-image size-large\"><img loading=\"lazy\" decoding=\"async\" width=\"1024\" height=\"640\" data-id=\"32041\" src=\"https:\/\/elmetidosv.com\/wp-content\/uploads\/2026\/08\/lago-2-1024x640.jpg\" alt=\"\" class=\"wp-image-32041\" srcset=\"https:\/\/elmetidosv.com\/wp-content\/uploads\/2026\/08\/lago-2-1024x640.jpg 1024w, https:\/\/elmetidosv.com\/wp-content\/uploads\/2026\/08\/lago-2-300x188.jpg 300w, https:\/\/elmetidosv.com\/wp-content\/uploads\/2026\/08\/lago-2-768x480.jpg 768w, https:\/\/elmetidosv.com\/wp-content\/uploads\/2026\/08\/lago-2-1536x960.jpg 1536w, https:\/\/elmetidosv.com\/wp-content\/uploads\/2026\/08\/lago-2.jpg 1638w\" sizes=\"auto, (max-width: 1024px) 100vw, 1024px\" \/><\/figure>\n<\/figure>\n\n\n\n<p>Un joven de <strong>22 a\u00f1os<\/strong>, procedente del cant\u00f3n Junquillo, perdi\u00f3 la vida tras sufrir un percance por inmersi\u00f3n en el sector de <strong>Lajamaya, lago de Coatepeque, Santa Ana<\/strong>.<\/p>\n\n\n\n<p>De acuerdo con reportes preliminares, el joven ingres\u00f3 al lago para nadar y habr\u00eda avanzado hacia una zona profunda y restringida, donde posteriormente dej\u00f3 de ser visible y no logr\u00f3 salir nuevamente a la superficie.<\/p>\n\n\n\n<p>Un lanchero de la zona logr\u00f3 localizar y extraer al joven, quien se encontraba inconsciente. Sin embargo, al llegar al lugar, los equipos de socorro confirmaron que <strong>ya no presentaba signos vitales<\/strong>.<\/p>\n\n\n\n<p>Las circunstancias exactas del hecho ser\u00e1n determinadas por las autoridades correspondientes.<\/p>\n\n\n\n<p>Ante este tipo de incidentes, se reitera el llamado a turistas y visitantes a <strong>respetar las zonas se\u00f1alizadas, evitar ingresar a \u00e1reas restringidas y tomar las medidas de precauci\u00f3n necesarias al realizar actividades acu\u00e1ticas<\/strong>.<\/p>\n\n\n\n<p>PUBLICIDAD <\/p>\n\n\n\n<figure class=\"wp-block-gallery has-nested-images columns-default is-cropped wp-block-gallery-2 is-layout-flex wp-block-gallery-is-layout-flex\">\n<figure class=\"wp-block-image size-large\"><img loading=\"lazy\" decoding=\"async\" width=\"1024\" height=\"1024\" data-id=\"27532\" src=\"https:\/\/elmetidosv.com\/wp-content\/uploads\/2026\/05\/logo-digital-1024x1024.jpg\" alt=\"\" class=\"wp-image-27532\" srcset=\"https:\/\/elmetidosv.com\/wp-content\/uploads\/2026\/05\/logo-digital-1024x1024.jpg 1024w, https:\/\/elmetidosv.com\/wp-content\/uploads\/2026\/05\/logo-digital-300x300.jpg 300w, https:\/\/elmetidosv.com\/wp-content\/uploads\/2026\/05\/logo-digital-150x150.jpg 150w, https:\/\/elmetidosv.com\/wp-content\/uploads\/2026\/05\/logo-digital-768x768.jpg 768w, https:\/\/elmetidosv.com\/wp-content\/uploads\/2026\/05\/logo-digital-1536x1536.jpg 1536w, https:\/\/elmetidosv.com\/wp-content\/uploads\/2026\/05\/logo-digital.jpg 1600w\" sizes=\"auto, (max-width: 1024px) 100vw, 1024px\" \/><\/figure>\n<\/figure>\n","protected":false},"excerpt":{"rendered":"<p>Un joven de 22 a\u00f1os, procedente del cant\u00f3n Junquillo, perdi\u00f3 la vida tras sufrir un percance por inmersi\u00f3n en el<\/p>\n","protected":false},"author":2,"featured_media":32040,"comment_status":"closed","ping_status":"","sticky":false,"template":"","format":"standard","meta":{"colormag_page_container_layout":"default_layout","colormag_page_sidebar_layout":"default_layout","footnotes":""},"categories":[1],"tags":[1800,718,14776,11383,380,6585,419,14777,827,14775,10413,382,33,6900,387,838,14778],"class_list":["post-32039","post","type-post","status-publish","format-standard","has-post-thumbnail","hentry","category-nacional","tag-accidente-acuatico","tag-ahogamiento","tag-canton-junquillo","tag-el-salvador-tags-el-salvador-3","tag-fallecido","tag-inmersion","tag-joven-fallecido","tag-junquillo","tag-lago-de-coatepeque","tag-lajamaya","tag-noticias-nacionales-2","tag-rescate","tag-santa-ana","tag-seguridad-acuatica","tag-socorristas","tag-turismo","tag-zonas-restringidas"],"_links":{"self":[{"href":"https:\/\/elmetidosv.com\/index.php?rest_route=\/wp\/v2\/posts\/32039","targetHints":{"allow":["GET"]}}],"collection":[{"href":"https:\/\/elmetidosv.com\/index.php?rest_route=\/wp\/v2\/posts"}],"about":[{"href":"https:\/\/elmetidosv.com\/index.php?rest_route=\/wp\/v2\/types\/post"}],"author":[{"embeddable":true,"href":"https:\/\/elmetidosv.com\/index.php?rest_route=\/wp\/v2\/users\/2"}],"replies":[{"embeddable":true,"href":"https:\/\/elmetidosv.com\/index.php?rest_route=%2Fwp%2Fv2%2Fcomments&post=32039"}],"version-history":[{"count":1,"href":"https:\/\/elmetidosv.com\/index.php?rest_route=\/wp\/v2\/posts\/32039\/revisions"}],"predecessor-version":[{"id":32042,"href":"https:\/\/elmetidosv.com\/index.php?rest_route=\/wp\/v2\/posts\/32039\/revisions\/32042"}],"wp:featuredmedia":[{"embeddable":true,"href":"https:\/\/elmetidosv.com\/index.php?rest_route=\/wp\/v2\/media\/32040"}],"wp:attachment":[{"href":"https:\/\/elmetidosv.com\/index.php?rest_route=%2Fwp%2Fv2%2Fmedia&parent=32039"}],"wp:term":[{"taxonomy":"category","embeddable":true,"href":"https:\/\/elmetidosv.com\/index.php?rest_route=%2Fwp%2Fv2%2Fcategories&post=32039"},{"taxonomy":"post_tag","embeddable":true,"href":"https:\/\/elmetidosv.com\/index.php?rest_route=%2Fwp%2Fv2%2Ftags&post=32039"}],"curies":[{"name":"wp","href":"https:\/\/api.w.org\/{rel}","templated":true}]}}