{"id":32014,"date":"2026-08-31T08:34:55","date_gmt":"2026-08-31T14:34:55","guid":{"rendered":"https:\/\/elmetidosv.com\/?p=32014"},"modified":"2026-08-31T08:34:55","modified_gmt":"2026-08-31T14:34:55","slug":"exjefe-de-la-patrulla-fronteriza-revela-disputas-internas-durante-el-gobierno-de-trump","status":"publish","type":"post","link":"https:\/\/elmetidosv.com\/?p=32014","title":{"rendered":"EXJEFE DE LA PATRULLA FRONTERIZA REVELA DISPUTAS INTERNAS DURANTE EL GOBIERNO DE TRUMP"},"content":{"rendered":"\n<p>El exjefe de la Patrulla Fronteriza, <strong>Greg Bovino<\/strong>, asegur\u00f3 que su salida de la agencia no se produjo simplemente por una decisi\u00f3n personal de retirarse, sino despu\u00e9s de enfrentar lo que describi\u00f3 como una <strong>\u201cguerra en dos frentes\u201d<\/strong> dentro y fuera de la administraci\u00f3n del presidente Donald Trump.<\/p>\n\n\n\n<p>Durante una entrevista con <strong>Tucker Carlson<\/strong>, Bovino afirm\u00f3 que, mientras dirig\u00eda las operaciones contra la inmigraci\u00f3n irregular, tambi\u00e9n tuvo que enfrentar cuestionamientos y obst\u00e1culos provenientes de personas dentro de la propia administraci\u00f3n, a quienes calific\u00f3 como los <strong>\u201cguardianes\u201d<\/strong>.<\/p>\n\n\n\n<p>Seg\u00fan su versi\u00f3n, posteriormente comenzaron investigaciones internas en su contra y lleg\u00f3 a temer que estas pudieran afectar su <strong>jubilaci\u00f3n y pensi\u00f3n<\/strong>. Bovino sostuvo que esta situaci\u00f3n termin\u00f3 influyendo en su decisi\u00f3n de abandonar el cargo.<\/p>\n\n\n\n<p>El exfuncionario tambi\u00e9n asegur\u00f3 que <strong>Donald Trump respaldaba las operaciones realizadas por su equipo<\/strong>, pero dirigi\u00f3 cr\u00edticas hacia otras figuras de la administraci\u00f3n. Entre sus se\u00f1alamientos mencion\u00f3 al comisionado de la Oficina de Aduanas y Protecci\u00f3n Fronteriza (CBP), <strong>Rodney Scott<\/strong>, y al asesor fronterizo <strong>Tom Homan<\/strong>.<\/p>\n\n\n\n<p>Bovino afirm\u00f3 adem\u00e1s que, despu\u00e9s de dejar su puesto, su equipo de seguridad fue retirado pese a las amenazas de muerte que, seg\u00fan dijo, hab\u00eda recibido.<\/p>\n\n\n\n<p>Sus declaraciones exponen una aparente <strong>disputa interna dentro de las estructuras encargadas de la pol\u00edtica migratoria estadounidense<\/strong>, aunque se trata de la versi\u00f3n ofrecida por el propio Bovino y las afirmaciones requieren ser contrastadas con las personas se\u00f1aladas y con documentaci\u00f3n oficial.<\/p>\n\n\n\n<p>El caso vuelve a poner atenci\u00f3n sobre las tensiones existentes dentro de la administraci\u00f3n Trump en torno a la estrategia migratoria y las operaciones de control fronterizo.<\/p>\n","protected":false},"excerpt":{"rendered":"<p>El exjefe de la Patrulla Fronteriza, Greg Bovino, asegur\u00f3 que su salida de la agencia no se produjo simplemente por<\/p>\n","protected":false},"author":2,"featured_media":32015,"comment_status":"closed","ping_status":"","sticky":false,"template":"","format":"standard","meta":{"colormag_page_container_layout":"default_layout","colormag_page_sidebar_layout":"default_layout","footnotes":""},"categories":[8383],"tags":[9519,5496,14755,47,19,1198,14756,14753,1228,2804,2475,5175,2286,2014,14752,1194,14757,2945,14754],"class_list":["post-32014","post","type-post","status-publish","format-standard","has-post-thumbnail","hentry","category-inmigracion","tag-border-patrol","tag-cbp","tag-disputas-internas","tag-donald-trump","tag-estados-unidos","tag-frontera","tag-gobierno-trump","tag-greg-bovino","tag-inmigracion","tag-inmigracion-irregular","tag-migracion-irregular","tag-noticias-internacionales-2","tag-patrulla-fronteriza","tag-politica-migratoria","tag-rodney-scott","tag-seguridad-fronteriza","tag-seguridad-fronteriza-tags-estados-unidos-2","tag-tom-homan","tag-tucker-carlson"],"_links":{"self":[{"href":"https:\/\/elmetidosv.com\/index.php?rest_route=\/wp\/v2\/posts\/32014","targetHints":{"allow":["GET"]}}],"collection":[{"href":"https:\/\/elmetidosv.com\/index.php?rest_route=\/wp\/v2\/posts"}],"about":[{"href":"https:\/\/elmetidosv.com\/index.php?rest_route=\/wp\/v2\/types\/post"}],"author":[{"embeddable":true,"href":"https:\/\/elmetidosv.com\/index.php?rest_route=\/wp\/v2\/users\/2"}],"replies":[{"embeddable":true,"href":"https:\/\/elmetidosv.com\/index.php?rest_route=%2Fwp%2Fv2%2Fcomments&post=32014"}],"version-history":[{"count":1,"href":"https:\/\/elmetidosv.com\/index.php?rest_route=\/wp\/v2\/posts\/32014\/revisions"}],"predecessor-version":[{"id":32016,"href":"https:\/\/elmetidosv.com\/index.php?rest_route=\/wp\/v2\/posts\/32014\/revisions\/32016"}],"wp:featuredmedia":[{"embeddable":true,"href":"https:\/\/elmetidosv.com\/index.php?rest_route=\/wp\/v2\/media\/32015"}],"wp:attachment":[{"href":"https:\/\/elmetidosv.com\/index.php?rest_route=%2Fwp%2Fv2%2Fmedia&parent=32014"}],"wp:term":[{"taxonomy":"category","embeddable":true,"href":"https:\/\/elmetidosv.com\/index.php?rest_route=%2Fwp%2Fv2%2Fcategories&post=32014"},{"taxonomy":"post_tag","embeddable":true,"href":"https:\/\/elmetidosv.com\/index.php?rest_route=%2Fwp%2Fv2%2Ftags&post=32014"}],"curies":[{"name":"wp","href":"https:\/\/api.w.org\/{rel}","templated":true}]}}