{"id":32010,"date":"2026-08-31T08:26:42","date_gmt":"2026-08-31T14:26:42","guid":{"rendered":"https:\/\/elmetidosv.com\/?p=32010"},"modified":"2026-08-31T08:26:42","modified_gmt":"2026-08-31T14:26:42","slug":"identificaron-al-joven-motociclista-fallecido-en-el-porvenir-santa-ana-oeste","status":"publish","type":"post","link":"https:\/\/elmetidosv.com\/?p=32010","title":{"rendered":"IDENTIFICARON AL JOVEN MOTOCICLISTA FALLECIDO EN EL PORVENIR, SANTA ANA OESTE"},"content":{"rendered":"\n<figure class=\"wp-block-gallery has-nested-images columns-default is-cropped wp-block-gallery-1 is-layout-flex wp-block-gallery-is-layout-flex\">\n<figure class=\"wp-block-image size-large\"><img loading=\"lazy\" decoding=\"async\" width=\"1024\" height=\"710\" data-id=\"32012\" src=\"https:\/\/elmetidosv.com\/wp-content\/uploads\/2026\/08\/porve-2-1024x710.jpg\" alt=\"\" class=\"wp-image-32012\" srcset=\"https:\/\/elmetidosv.com\/wp-content\/uploads\/2026\/08\/porve-2-1024x710.jpg 1024w, https:\/\/elmetidosv.com\/wp-content\/uploads\/2026\/08\/porve-2-300x208.jpg 300w, https:\/\/elmetidosv.com\/wp-content\/uploads\/2026\/08\/porve-2-768x532.jpg 768w, https:\/\/elmetidosv.com\/wp-content\/uploads\/2026\/08\/porve-2-392x272.jpg 392w, https:\/\/elmetidosv.com\/wp-content\/uploads\/2026\/08\/porve-2-130x90.jpg 130w, https:\/\/elmetidosv.com\/wp-content\/uploads\/2026\/08\/porve-2.jpg 1500w\" sizes=\"auto, (max-width: 1024px) 100vw, 1024px\" \/><\/figure>\n<\/figure>\n\n\n\n<p>Como <strong>Alfredo Aguirre Salas<\/strong> fue identificado el joven motociclista que perdi\u00f3 la vida tras sufrir un accidente de tr\u00e1nsito ocurrido durante la noche en el distrito de <strong>El Porvenir, Santa Ana Oeste<\/strong>.<\/p>\n\n\n\n<p>El percance se registr\u00f3 sobre la calle que conduce de <strong>El Porvenir hacia San Juan Chiquito<\/strong>, donde, de acuerdo con la informaci\u00f3n preliminar, la motocicleta en la que se conduc\u00eda Aguirre Salas impact\u00f3 contra un ciclista.<\/p>\n\n\n\n<p>Tras la colisi\u00f3n, el motociclista perdi\u00f3 el control y cay\u00f3 en unos cercos ubicados a un costado de la v\u00eda, sufriendo lesiones de consideraci\u00f3n.<\/p>\n\n\n\n<p>Minutos despu\u00e9s del accidente, pese a la atenci\u00f3n recibida, <strong>Alfredo Aguirre Salas falleci\u00f3 a consecuencia de las lesiones provocadas por el percance<\/strong>.<\/p>\n\n\n\n<p>Las circunstancias exactas del accidente ser\u00e1n determinadas por las autoridades mediante las investigaciones correspondientes.<\/p>\n\n\n\n<p>PUBLICIDAD <\/p>\n\n\n\n<figure class=\"wp-block-gallery has-nested-images columns-default is-cropped wp-block-gallery-2 is-layout-flex wp-block-gallery-is-layout-flex\">\n<figure class=\"wp-block-image size-large\"><img loading=\"lazy\" decoding=\"async\" width=\"1024\" height=\"1024\" data-id=\"27532\" src=\"https:\/\/elmetidosv.com\/wp-content\/uploads\/2026\/05\/logo-digital-1024x1024.jpg\" alt=\"\" class=\"wp-image-27532\" srcset=\"https:\/\/elmetidosv.com\/wp-content\/uploads\/2026\/05\/logo-digital-1024x1024.jpg 1024w, https:\/\/elmetidosv.com\/wp-content\/uploads\/2026\/05\/logo-digital-300x300.jpg 300w, https:\/\/elmetidosv.com\/wp-content\/uploads\/2026\/05\/logo-digital-150x150.jpg 150w, https:\/\/elmetidosv.com\/wp-content\/uploads\/2026\/05\/logo-digital-768x768.jpg 768w, https:\/\/elmetidosv.com\/wp-content\/uploads\/2026\/05\/logo-digital-1536x1536.jpg 1536w, https:\/\/elmetidosv.com\/wp-content\/uploads\/2026\/05\/logo-digital.jpg 1600w\" sizes=\"auto, (max-width: 1024px) 100vw, 1024px\" \/><\/figure>\n<\/figure>\n","protected":false},"excerpt":{"rendered":"<p>Como Alfredo Aguirre Salas fue identificado el joven motociclista que perdi\u00f3 la vida tras sufrir un accidente de tr\u00e1nsito ocurrido<\/p>\n","protected":false},"author":2,"featured_media":32011,"comment_status":"closed","ping_status":"","sticky":false,"template":"","format":"standard","meta":{"colormag_page_container_layout":"default_layout","colormag_page_sidebar_layout":"default_layout","footnotes":""},"categories":[1],"tags":[110,1676,14751,14750,11892,6329,380,1064,377,129,10413,14749,33,2299,122],"class_list":["post-32010","post","type-post","status-publish","format-standard","has-post-thumbnail","hentry","category-nacional","tag-accidente-de-transito","tag-accidente-nocturno","tag-accidente-vial-tags-el-salvador","tag-alfredo-aguirre-salas","tag-ciclista","tag-el-porvenir","tag-fallecido","tag-motocicleta","tag-motociclista","tag-motociclista-fallecido","tag-noticias-nacionales-2","tag-san-juan-chiquito","tag-santa-ana","tag-santa-ana-oeste","tag-seguridad-vial"],"_links":{"self":[{"href":"https:\/\/elmetidosv.com\/index.php?rest_route=\/wp\/v2\/posts\/32010","targetHints":{"allow":["GET"]}}],"collection":[{"href":"https:\/\/elmetidosv.com\/index.php?rest_route=\/wp\/v2\/posts"}],"about":[{"href":"https:\/\/elmetidosv.com\/index.php?rest_route=\/wp\/v2\/types\/post"}],"author":[{"embeddable":true,"href":"https:\/\/elmetidosv.com\/index.php?rest_route=\/wp\/v2\/users\/2"}],"replies":[{"embeddable":true,"href":"https:\/\/elmetidosv.com\/index.php?rest_route=%2Fwp%2Fv2%2Fcomments&post=32010"}],"version-history":[{"count":1,"href":"https:\/\/elmetidosv.com\/index.php?rest_route=\/wp\/v2\/posts\/32010\/revisions"}],"predecessor-version":[{"id":32013,"href":"https:\/\/elmetidosv.com\/index.php?rest_route=\/wp\/v2\/posts\/32010\/revisions\/32013"}],"wp:featuredmedia":[{"embeddable":true,"href":"https:\/\/elmetidosv.com\/index.php?rest_route=\/wp\/v2\/media\/32011"}],"wp:attachment":[{"href":"https:\/\/elmetidosv.com\/index.php?rest_route=%2Fwp%2Fv2%2Fmedia&parent=32010"}],"wp:term":[{"taxonomy":"category","embeddable":true,"href":"https:\/\/elmetidosv.com\/index.php?rest_route=%2Fwp%2Fv2%2Fcategories&post=32010"},{"taxonomy":"post_tag","embeddable":true,"href":"https:\/\/elmetidosv.com\/index.php?rest_route=%2Fwp%2Fv2%2Ftags&post=32010"}],"curies":[{"name":"wp","href":"https:\/\/api.w.org\/{rel}","templated":true}]}}