{"id":32007,"date":"2026-08-31T07:56:48","date_gmt":"2026-08-31T13:56:48","guid":{"rendered":"https:\/\/elmetidosv.com\/?p=32007"},"modified":"2026-08-31T07:56:48","modified_gmt":"2026-08-31T13:56:48","slug":"pronostican-mucho-calor-y-tormentas-para-este-lunes-31-de-agosto-en-el-salvador","status":"publish","type":"post","link":"https:\/\/elmetidosv.com\/?p=32007","title":{"rendered":"PRONOSTICAN MUCHO CALOR Y TORMENTAS PARA ESTE LUNES 31 DE AGOSTO EN EL SALVADOR"},"content":{"rendered":"\n<p>Este lunes <strong>31 de agosto<\/strong>, El Salvador tendr\u00e1 una ma\u00f1ana con poca nubosidad y sin lluvias, pero con un ambiente <strong>muy caluroso<\/strong>.<\/p>\n\n\n\n<p>Durante la tarde aumentar\u00e1 la nubosidad y comenzar\u00e1n a desarrollarse lluvias y tormentas en sectores del <strong>norte y oriente del pa\u00eds<\/strong>, as\u00ed como en las cordilleras <strong>Apaneca-Ilamatepec y El B\u00e1lsamo<\/strong>, el \u00c1rea Metropolitana de San Salvador y sus alrededores.<\/p>\n\n\n\n<p>Al final de la tarde y durante la noche, las tormentas se desplazar\u00e1n hacia la zona <strong>central y occidental<\/strong>, incluyendo <strong>San Salvador, Santa Ana y Sonsonate<\/strong>. Tambi\u00e9n continuar\u00e1n algunas lluvias en sectores del oriente.<\/p>\n\n\n\n<p>Durante las tormentas podr\u00edan registrarse <strong>r\u00e1fagas de viento superiores a los 40 kil\u00f3metros por hora<\/strong>, por lo que se recomienda a la poblaci\u00f3n mantenerse atenta a las condiciones del tiempo y tomar precauciones.<\/p>\n\n\n\n<p>Las lluvias tendr\u00e1n un <strong>desplazamiento r\u00e1pido<\/strong>, por lo que las condiciones meteorol\u00f3gicas podr\u00edan cambiar en poco tiempo en diferentes zonas del territorio nacional.<\/p>\n\n\n\n<p>PUBLICIDAD <\/p>\n\n\n\n<figure class=\"wp-block-gallery has-nested-images columns-default is-cropped wp-block-gallery-1 is-layout-flex wp-block-gallery-is-layout-flex\">\n<figure class=\"wp-block-image size-large\"><img loading=\"lazy\" decoding=\"async\" width=\"957\" height=\"960\" data-id=\"27126\" src=\"https:\/\/elmetidosv.com\/wp-content\/uploads\/2026\/05\/2D-AZUCAR.jpg\" alt=\"\" class=\"wp-image-27126\" srcset=\"https:\/\/elmetidosv.com\/wp-content\/uploads\/2026\/05\/2D-AZUCAR.jpg 957w, https:\/\/elmetidosv.com\/wp-content\/uploads\/2026\/05\/2D-AZUCAR-300x300.jpg 300w, https:\/\/elmetidosv.com\/wp-content\/uploads\/2026\/05\/2D-AZUCAR-150x150.jpg 150w, https:\/\/elmetidosv.com\/wp-content\/uploads\/2026\/05\/2D-AZUCAR-768x770.jpg 768w\" sizes=\"auto, (max-width: 957px) 100vw, 957px\" \/><\/figure>\n<\/figure>\n","protected":false},"excerpt":{"rendered":"<p>Este lunes 31 de agosto, El Salvador tendr\u00e1 una ma\u00f1ana con poca nubosidad y sin lluvias, pero con un ambiente<\/p>\n","protected":false},"author":2,"featured_media":32008,"comment_status":"closed","ping_status":"","sticky":false,"template":"","format":"standard","meta":{"colormag_page_container_layout":"default_layout","colormag_page_sidebar_layout":"default_layout","footnotes":""},"categories":[1],"tags":[8934,4909,844,297,11238,11240,304,10413,298,7369,295,5598,296,14176,126,33,219,5816,6589],"class_list":["post-32007","post","type-post","status-publish","format-standard","has-post-thumbnail","hentry","category-nacional","tag-apaneca-ilamatepec-2","tag-calor-2","tag-clima","tag-clima-el-salvador","tag-cordillera-el-balsamo","tag-el-balsamo","tag-lluvias","tag-noticias-nacionales-2","tag-occidente","tag-oriente","tag-pronostico-del-tiempo","tag-pronostico-meteorologico","tag-rafagas-de-viento","tag-rafagas-de-viento-tags-el-salvador","tag-san-salvador","tag-santa-ana","tag-sonsonate","tag-tiempo","tag-tormentas"],"_links":{"self":[{"href":"https:\/\/elmetidosv.com\/index.php?rest_route=\/wp\/v2\/posts\/32007","targetHints":{"allow":["GET"]}}],"collection":[{"href":"https:\/\/elmetidosv.com\/index.php?rest_route=\/wp\/v2\/posts"}],"about":[{"href":"https:\/\/elmetidosv.com\/index.php?rest_route=\/wp\/v2\/types\/post"}],"author":[{"embeddable":true,"href":"https:\/\/elmetidosv.com\/index.php?rest_route=\/wp\/v2\/users\/2"}],"replies":[{"embeddable":true,"href":"https:\/\/elmetidosv.com\/index.php?rest_route=%2Fwp%2Fv2%2Fcomments&post=32007"}],"version-history":[{"count":1,"href":"https:\/\/elmetidosv.com\/index.php?rest_route=\/wp\/v2\/posts\/32007\/revisions"}],"predecessor-version":[{"id":32009,"href":"https:\/\/elmetidosv.com\/index.php?rest_route=\/wp\/v2\/posts\/32007\/revisions\/32009"}],"wp:featuredmedia":[{"embeddable":true,"href":"https:\/\/elmetidosv.com\/index.php?rest_route=\/wp\/v2\/media\/32008"}],"wp:attachment":[{"href":"https:\/\/elmetidosv.com\/index.php?rest_route=%2Fwp%2Fv2%2Fmedia&parent=32007"}],"wp:term":[{"taxonomy":"category","embeddable":true,"href":"https:\/\/elmetidosv.com\/index.php?rest_route=%2Fwp%2Fv2%2Fcategories&post=32007"},{"taxonomy":"post_tag","embeddable":true,"href":"https:\/\/elmetidosv.com\/index.php?rest_route=%2Fwp%2Fv2%2Ftags&post=32007"}],"curies":[{"name":"wp","href":"https:\/\/api.w.org\/{rel}","templated":true}]}}