{"id":32002,"date":"2026-08-30T15:17:30","date_gmt":"2026-08-30T21:17:30","guid":{"rendered":"https:\/\/elmetidosv.com\/?p=32002"},"modified":"2026-08-30T15:17:30","modified_gmt":"2026-08-30T21:17:30","slug":"identificaron-a-la-pareja-fallecida-en-el-interior-de-un-motel-en-sonsonate","status":"publish","type":"post","link":"https:\/\/elmetidosv.com\/?p=32002","title":{"rendered":"IDENTIFICARON A LA PAREJA FALLECIDA EN EL INTERIOR DE UN MOTEL EN SONSONATE"},"content":{"rendered":"\n<figure class=\"wp-block-gallery has-nested-images columns-default is-cropped wp-block-gallery-1 is-layout-flex wp-block-gallery-is-layout-flex\">\n<figure class=\"wp-block-image size-large\"><img loading=\"lazy\" decoding=\"async\" width=\"825\" height=\"825\" data-id=\"32004\" src=\"https:\/\/elmetidosv.com\/wp-content\/uploads\/2026\/08\/sonso-1-2.jpg\" alt=\"\" class=\"wp-image-32004\" srcset=\"https:\/\/elmetidosv.com\/wp-content\/uploads\/2026\/08\/sonso-1-2.jpg 825w, https:\/\/elmetidosv.com\/wp-content\/uploads\/2026\/08\/sonso-1-2-300x300.jpg 300w, https:\/\/elmetidosv.com\/wp-content\/uploads\/2026\/08\/sonso-1-2-150x150.jpg 150w, https:\/\/elmetidosv.com\/wp-content\/uploads\/2026\/08\/sonso-1-2-768x768.jpg 768w\" sizes=\"auto, (max-width: 825px) 100vw, 825px\" \/><\/figure>\n<\/figure>\n\n\n\n<p>Las autoridades identificaron a las dos personas que fueron localizadas sin vida el pasado <strong>29 de agosto<\/strong> en una habitaci\u00f3n del <strong>Motel El Sult\u00e1n<\/strong>, ubicado sobre la carretera que conduce de Acajutla hacia Sonsonate, a la altura del kil\u00f3metro 68.<\/p>\n\n\n\n<p>Las v\u00edctimas fueron identificadas como <strong>Ezequiel El\u00edseo Mate N\u00e1jera, de 24 a\u00f1os<\/strong>, y <strong>Nancy Suleyma Ortiz Ram\u00edrez, de 29 a\u00f1os<\/strong>.<\/p>\n\n\n\n<p>De acuerdo con la informaci\u00f3n proporcionada por la Polic\u00eda Nacional Civil (PNC), la pareja habr\u00eda fallecido debido a una <strong>intoxicaci\u00f3n por mon\u00f3xido de carbono<\/strong>.<\/p>\n\n\n\n<p>Seg\u00fan la versi\u00f3n preliminar de las autoridades, la habitaci\u00f3n donde se encontraban no contaba con servicio de energ\u00eda el\u00e9ctrica. Para iluminar el lugar, habr\u00edan encendido el veh\u00edculo y sus luces, sin percatarse de la acumulaci\u00f3n de gases generados por el autom\u00f3vil.<\/p>\n\n\n\n<figure class=\"wp-block-gallery has-nested-images columns-default is-cropped wp-block-gallery-2 is-layout-flex wp-block-gallery-is-layout-flex\">\n<figure class=\"wp-block-image size-large\"><img loading=\"lazy\" decoding=\"async\" width=\"1024\" height=\"836\" data-id=\"32005\" src=\"https:\/\/elmetidosv.com\/wp-content\/uploads\/2026\/08\/motel-1-2-1024x836.jpg\" alt=\"\" class=\"wp-image-32005\" srcset=\"https:\/\/elmetidosv.com\/wp-content\/uploads\/2026\/08\/motel-1-2-1024x836.jpg 1024w, https:\/\/elmetidosv.com\/wp-content\/uploads\/2026\/08\/motel-1-2-300x245.jpg 300w, https:\/\/elmetidosv.com\/wp-content\/uploads\/2026\/08\/motel-1-2-768x627.jpg 768w, https:\/\/elmetidosv.com\/wp-content\/uploads\/2026\/08\/motel-1-2.jpg 1323w\" sizes=\"auto, (max-width: 1024px) 100vw, 1024px\" \/><\/figure>\n<\/figure>\n\n\n\n<p>La exposici\u00f3n al mon\u00f3xido de carbono habr\u00eda provocado la intoxicaci\u00f3n y posteriormente el fallecimiento de ambas personas.<\/p>\n\n\n\n<p>Las autoridades procesaron la escena y, seg\u00fan el reporte policial, <strong>no encontraron indicios de intervenci\u00f3n de terceras personas<\/strong>, por lo que se descartar\u00eda inicialmente la existencia de mano criminal.<\/p>\n\n\n\n<p>El caso fue puesto en conocimiento de las autoridades correspondientes para completar los procedimientos establecidos y esclarecer las circunstancias del fallecimiento.<\/p>\n\n\n\n<figure class=\"wp-block-gallery has-nested-images columns-default is-cropped wp-block-gallery-3 is-layout-flex wp-block-gallery-is-layout-flex\">\n<figure class=\"wp-block-image size-large\"><img loading=\"lazy\" decoding=\"async\" width=\"1024\" height=\"1024\" data-id=\"27532\" src=\"https:\/\/elmetidosv.com\/wp-content\/uploads\/2026\/05\/logo-digital-1024x1024.jpg\" alt=\"\" class=\"wp-image-27532\" srcset=\"https:\/\/elmetidosv.com\/wp-content\/uploads\/2026\/05\/logo-digital-1024x1024.jpg 1024w, https:\/\/elmetidosv.com\/wp-content\/uploads\/2026\/05\/logo-digital-300x300.jpg 300w, https:\/\/elmetidosv.com\/wp-content\/uploads\/2026\/05\/logo-digital-150x150.jpg 150w, https:\/\/elmetidosv.com\/wp-content\/uploads\/2026\/05\/logo-digital-768x768.jpg 768w, https:\/\/elmetidosv.com\/wp-content\/uploads\/2026\/05\/logo-digital-1536x1536.jpg 1536w, https:\/\/elmetidosv.com\/wp-content\/uploads\/2026\/05\/logo-digital.jpg 1600w\" sizes=\"auto, (max-width: 1024px) 100vw, 1024px\" \/><\/figure>\n<\/figure>\n","protected":false},"excerpt":{"rendered":"<p>Las autoridades identificaron a las dos personas que fueron localizadas sin vida el pasado 29 de agosto en una habitaci\u00f3n<\/p>\n","protected":false},"author":2,"featured_media":32003,"comment_status":"closed","ping_status":"","sticky":false,"template":"","format":"standard","meta":{"colormag_page_container_layout":"default_layout","colormag_page_sidebar_layout":"default_layout","footnotes":""},"categories":[1],"tags":[893,14748,330,14747,1067,886,22,14704,14746,14745,10413,12784,85,361,219,14702],"class_list":["post-32002","post","type-post","status-publish","format-standard","has-post-thumbnail","hentry","category-nacional","tag-acajutla","tag-carretera-acajutla-sonsonate-tags-el-salvador","tag-emergencia","tag-ezequiel-eliseo-mate-najera","tag-fallecimiento","tag-intoxicacion","tag-investigacion","tag-monoxido-de-carbono","tag-motel-el-sultan","tag-nancy-suleyma-ortiz-ramirez","tag-noticias-nacionales-2","tag-pareja-fallecida","tag-pnc","tag-policia-nacional-civil","tag-sonsonate","tag-vehiculo-encendido"],"_links":{"self":[{"href":"https:\/\/elmetidosv.com\/index.php?rest_route=\/wp\/v2\/posts\/32002","targetHints":{"allow":["GET"]}}],"collection":[{"href":"https:\/\/elmetidosv.com\/index.php?rest_route=\/wp\/v2\/posts"}],"about":[{"href":"https:\/\/elmetidosv.com\/index.php?rest_route=\/wp\/v2\/types\/post"}],"author":[{"embeddable":true,"href":"https:\/\/elmetidosv.com\/index.php?rest_route=\/wp\/v2\/users\/2"}],"replies":[{"embeddable":true,"href":"https:\/\/elmetidosv.com\/index.php?rest_route=%2Fwp%2Fv2%2Fcomments&post=32002"}],"version-history":[{"count":1,"href":"https:\/\/elmetidosv.com\/index.php?rest_route=\/wp\/v2\/posts\/32002\/revisions"}],"predecessor-version":[{"id":32006,"href":"https:\/\/elmetidosv.com\/index.php?rest_route=\/wp\/v2\/posts\/32002\/revisions\/32006"}],"wp:featuredmedia":[{"embeddable":true,"href":"https:\/\/elmetidosv.com\/index.php?rest_route=\/wp\/v2\/media\/32003"}],"wp:attachment":[{"href":"https:\/\/elmetidosv.com\/index.php?rest_route=%2Fwp%2Fv2%2Fmedia&parent=32002"}],"wp:term":[{"taxonomy":"category","embeddable":true,"href":"https:\/\/elmetidosv.com\/index.php?rest_route=%2Fwp%2Fv2%2Fcategories&post=32002"},{"taxonomy":"post_tag","embeddable":true,"href":"https:\/\/elmetidosv.com\/index.php?rest_route=%2Fwp%2Fv2%2Ftags&post=32002"}],"curies":[{"name":"wp","href":"https:\/\/api.w.org\/{rel}","templated":true}]}}