{"id":3151,"date":"2020-05-19T18:54:50","date_gmt":"2020-05-20T00:54:50","guid":{"rendered":"http:\/\/elmetidosve.com\/?p=3151"},"modified":"2020-05-19T18:54:57","modified_gmt":"2020-05-20T00:54:57","slug":"mides-entrega-1500-paquetes-solidarios-para-familias-afectadas-por-la-emergencia-de-covid-19","status":"publish","type":"post","link":"https:\/\/elmetidosv.com\/?p=3151","title":{"rendered":"MIDES entrega 1,500 paquetes solidarios para familias afectadas por la emergencia de COVID-19"},"content":{"rendered":"\n<p>El donativo consiste en 1,500 paquetes solidarios, los cuales fueron entregados al Fondo Ambiental de El Salvador (FONAES), quienes se encargar\u00e1n de distribuirlos entre las poblaciones m\u00e1s vulnerables.<\/p>\n\n\n\n<p>\u201cMIDES se solidariza ante la necesidad de los salvadore\u00f1os, y en esta oportunidad, queremos brindar nuestro apoyo a aquellos menos favorecidos, por medio de nuestro convenio suscrito con FONAES. Nuestro compromiso es firme: \u2018Un Pa\u00eds Limpio es Salud\u2019\u201d, expres\u00f3 el gerente de Operaciones de MIDES, Jos\u00e9 Mario Mel\u00e9ndez.<\/p>\n\n\n\n<p>Agregando que este no es el \u00fanico apoyo que MIDES ha brindado en el marco de la emergencia por COVID-19, los habitantes de municipios populosos como Tonacatepeque ya fueron beneficiados con la entrega de estos paquetes solidarios, que son de mucha ayuda a las familias que han visto reducidos sus ingresos para comprar alimentos en la emergencia.<\/p>\n\n\n\n<p>Por su parte, el presidente de FONAES, Jorge \u201cKoky\u201d Aguilar, manifest\u00f3 que est\u00e1n \u201cmuy agradecidos con MIDES, por este donativo, que ser\u00e1 de gran ayuda para grupos familiares que necesitan alimentos durante la emergencia. Nuestro compromiso por aportar a nuestro pa\u00eds, en medio de esta crisis, contin\u00faa\u201d.<\/p>\n\n\n\n<p>El importante donativo se efect\u00faa en el marco del Convenio de Cooperaci\u00f3n que FONAES y MIDES, suscribieron a finales de 2019, en el cual, establecieron diversos compromisos, entre los que se destaca la implementaci\u00f3n del proyecto \u201cGuardianes Ambientales\u201d.<\/p>\n\n\n\n<p>El donativo de MIDES se suma a los esfuerzos del presidente de la Rep\u00fablica, Nayib Bukele, en garantizar la seguridad alimentaria de la poblaci\u00f3n por medio del Programa de Emergencia Sanitaria (PES), el cual consiste en entregar paquetes alimenticios casa por casa en todo el pa\u00eds.<\/p>\n","protected":false},"excerpt":{"rendered":"<p>El donativo consiste en 1,500 paquetes solidarios, los cuales fueron entregados al Fondo Ambiental de El Salvador (FONAES), quienes se<\/p>\n","protected":false},"author":1,"featured_media":3152,"comment_status":"open","ping_status":"open","sticky":false,"template":"","format":"standard","meta":{"colormag_page_container_layout":"default_layout","colormag_page_sidebar_layout":"default_layout","footnotes":""},"categories":[1],"tags":[],"class_list":["post-3151","post","type-post","status-publish","format-standard","has-post-thumbnail","hentry","category-nacional"],"_links":{"self":[{"href":"https:\/\/elmetidosv.com\/index.php?rest_route=\/wp\/v2\/posts\/3151","targetHints":{"allow":["GET"]}}],"collection":[{"href":"https:\/\/elmetidosv.com\/index.php?rest_route=\/wp\/v2\/posts"}],"about":[{"href":"https:\/\/elmetidosv.com\/index.php?rest_route=\/wp\/v2\/types\/post"}],"author":[{"embeddable":true,"href":"https:\/\/elmetidosv.com\/index.php?rest_route=\/wp\/v2\/users\/1"}],"replies":[{"embeddable":true,"href":"https:\/\/elmetidosv.com\/index.php?rest_route=%2Fwp%2Fv2%2Fcomments&post=3151"}],"version-history":[{"count":1,"href":"https:\/\/elmetidosv.com\/index.php?rest_route=\/wp\/v2\/posts\/3151\/revisions"}],"predecessor-version":[{"id":3153,"href":"https:\/\/elmetidosv.com\/index.php?rest_route=\/wp\/v2\/posts\/3151\/revisions\/3153"}],"wp:featuredmedia":[{"embeddable":true,"href":"https:\/\/elmetidosv.com\/index.php?rest_route=\/wp\/v2\/media\/3152"}],"wp:attachment":[{"href":"https:\/\/elmetidosv.com\/index.php?rest_route=%2Fwp%2Fv2%2Fmedia&parent=3151"}],"wp:term":[{"taxonomy":"category","embeddable":true,"href":"https:\/\/elmetidosv.com\/index.php?rest_route=%2Fwp%2Fv2%2Fcategories&post=3151"},{"taxonomy":"post_tag","embeddable":true,"href":"https:\/\/elmetidosv.com\/index.php?rest_route=%2Fwp%2Fv2%2Ftags&post=3151"}],"curies":[{"name":"wp","href":"https:\/\/api.w.org\/{rel}","templated":true}]}}