{"id":315,"date":"2020-03-01T12:41:11","date_gmt":"2020-03-01T18:41:11","guid":{"rendered":"http:\/\/elmetidosve.com\/?p=315"},"modified":"2020-03-01T12:41:18","modified_gmt":"2020-03-01T18:41:18","slug":"muere-el-actor-mexicano-de-doblaje-y-voz-de-gohan-en-dragon-ball-y-de-sheldon-cooper","status":"publish","type":"post","link":"https:\/\/elmetidosv.com\/?p=315","title":{"rendered":"Muere el actor mexicano de doblaje y voz de Gohan en &#8216;Dragon Ball&#8217; y de Sheldon Cooper"},"content":{"rendered":"\n<figure class=\"wp-block-image alignwide size-large\"><img loading=\"lazy\" decoding=\"async\" width=\"680\" height=\"680\" src=\"http:\/\/elmetidosve.com\/wp-content\/uploads\/2020\/03\/00000000.jpg\" alt=\"\" class=\"wp-image-317\" srcset=\"https:\/\/elmetidosv.com\/wp-content\/uploads\/2020\/03\/00000000.jpg 680w, https:\/\/elmetidosv.com\/wp-content\/uploads\/2020\/03\/00000000-300x300.jpg 300w, https:\/\/elmetidosv.com\/wp-content\/uploads\/2020\/03\/00000000-150x150.jpg 150w\" sizes=\"auto, (max-width: 680px) 100vw, 680px\" \/><\/figure>\n\n\n\n<p>El ic\u00f3nico actor del doblaje mexicano Luis Alfonso Mendoza ha fallecido la noche de este s\u00e1bado, seg\u00fan se dio a conocer a trav\u00e9s de mensajes publicados en las redes sociales por sus amigos y colegas. Mendoza, que al momento de su muerte ten\u00eda 55 a\u00f1os, dio voz al conocido personaje Gohan en la serie animada &#8216;Dragon Ball&#8217;.<\/p>\n\n\n\n<p>\u00abApenas hace un par de d\u00edas nos re\u00edamos con mi look de n\u00e1ufrago, y hoy ya no est\u00e1s Luis Alfonso. \u00a1Que alguien me lo explique! Afortunadamente te quedas en el coraz\u00f3n con tu risa y tus bromas y los recuerdos de tantos a\u00f1os. Ayer fue un d\u00eda triste\u00bb, escribi\u00f3 el actor que dio voz al personaje de Goku en la misma serie.<\/p>\n\n\n\n<p>A\u00fan se desconocen las circunstancias de su fallecimiento, pero versiones extraoficiales apuntan a que el actor muri\u00f3 en un tiroteo junto con su esposa y su cu\u00f1ado, aunque sin concretar el lugar y los motivos del crimen.<\/p>\n\n\n\n<p>A lo largo de su carrera art\u00edstica, Mendoza tambi\u00e9n prest\u00f3 su voz a personajes como Bugs Bunny, el Pato Lucas, el Conde Patula, Dexter en el &#8216;Laboratorio de Dexter&#8217;, Sheldon Cooper de la &#8216;Teor\u00eda del Big Bang&#8217; o Daniel LaRusso en &#8216;Karate Kid&#8217;<\/p>\n\n\n\n<p>Las redes sociales se llenaron de mensajes de condolencia enviados por personas que conoc\u00edan al actor o admiraban su talento.<\/p>\n","protected":false},"excerpt":{"rendered":"<p>El ic\u00f3nico actor del doblaje mexicano Luis Alfonso Mendoza ha fallecido la noche de este s\u00e1bado, seg\u00fan se dio a<\/p>\n","protected":false},"author":1,"featured_media":318,"comment_status":"open","ping_status":"open","sticky":false,"template":"","format":"standard","meta":{"colormag_page_container_layout":"default_layout","colormag_page_sidebar_layout":"default_layout","footnotes":""},"categories":[3],"tags":[],"class_list":["post-315","post","type-post","status-publish","format-standard","has-post-thumbnail","hentry","category-internacional"],"_links":{"self":[{"href":"https:\/\/elmetidosv.com\/index.php?rest_route=\/wp\/v2\/posts\/315","targetHints":{"allow":["GET"]}}],"collection":[{"href":"https:\/\/elmetidosv.com\/index.php?rest_route=\/wp\/v2\/posts"}],"about":[{"href":"https:\/\/elmetidosv.com\/index.php?rest_route=\/wp\/v2\/types\/post"}],"author":[{"embeddable":true,"href":"https:\/\/elmetidosv.com\/index.php?rest_route=\/wp\/v2\/users\/1"}],"replies":[{"embeddable":true,"href":"https:\/\/elmetidosv.com\/index.php?rest_route=%2Fwp%2Fv2%2Fcomments&post=315"}],"version-history":[{"count":1,"href":"https:\/\/elmetidosv.com\/index.php?rest_route=\/wp\/v2\/posts\/315\/revisions"}],"predecessor-version":[{"id":319,"href":"https:\/\/elmetidosv.com\/index.php?rest_route=\/wp\/v2\/posts\/315\/revisions\/319"}],"wp:featuredmedia":[{"embeddable":true,"href":"https:\/\/elmetidosv.com\/index.php?rest_route=\/wp\/v2\/media\/318"}],"wp:attachment":[{"href":"https:\/\/elmetidosv.com\/index.php?rest_route=%2Fwp%2Fv2%2Fmedia&parent=315"}],"wp:term":[{"taxonomy":"category","embeddable":true,"href":"https:\/\/elmetidosv.com\/index.php?rest_route=%2Fwp%2Fv2%2Fcategories&post=315"},{"taxonomy":"post_tag","embeddable":true,"href":"https:\/\/elmetidosv.com\/index.php?rest_route=%2Fwp%2Fv2%2Ftags&post=315"}],"curies":[{"name":"wp","href":"https:\/\/api.w.org\/{rel}","templated":true}]}}