{"id":308,"date":"2020-02-28T15:30:20","date_gmt":"2020-02-28T21:30:20","guid":{"rendered":"http:\/\/elmetidosve.com\/?p=308"},"modified":"2020-02-28T15:30:26","modified_gmt":"2020-02-28T21:30:26","slug":"allanamiento-en-casa-presidencial-le-da-la-vuelta-al-mundo","status":"publish","type":"post","link":"https:\/\/elmetidosv.com\/?p=308","title":{"rendered":"Allanamiento en Casa Presidencial le da la vuelta al mundo"},"content":{"rendered":"\n<figure class=\"wp-block-image alignwide size-large\"><img loading=\"lazy\" decoding=\"async\" width=\"1024\" height=\"768\" src=\"http:\/\/elmetidosve.com\/wp-content\/uploads\/2020\/02\/WhatsApp-Image-2020-02-28-at-08.22.54-1024x768-1.jpeg\" alt=\"\" class=\"wp-image-309\" srcset=\"https:\/\/elmetidosv.com\/wp-content\/uploads\/2020\/02\/WhatsApp-Image-2020-02-28-at-08.22.54-1024x768-1.jpeg 1024w, https:\/\/elmetidosv.com\/wp-content\/uploads\/2020\/02\/WhatsApp-Image-2020-02-28-at-08.22.54-1024x768-1-300x225.jpeg 300w, https:\/\/elmetidosv.com\/wp-content\/uploads\/2020\/02\/WhatsApp-Image-2020-02-28-at-08.22.54-1024x768-1-768x576.jpeg 768w\" sizes=\"auto, (max-width: 1024px) 100vw, 1024px\" \/><\/figure>\n\n\n\n<p> Los medios internacionales han dado a conocer a la comunidad internacional que hoy el Ministerio P\u00fablico, allan\u00f3 Casa Presidencial y que mantiene bajo investigaci\u00f3n al presidente de la Rep\u00fablica, Carlos Alvarado y otros miembros del Gobierno. <\/p>\n\n\n\n<p>La causa judicial se dio luego de que la instituci\u00f3n recibiera tres denuncias ante la Fiscal\u00eda.<\/p>\n\n\n\n<p>El presidente de la Rep\u00fablica fue objeto de cr\u00edticas por esta unidad presidencial, cuyo decreto fue publicado en el diario oficial La Gaceta desde el 17 de febrero, sin embargo, el 21 de febrero, se \u201cderog\u00f3\u201d dicho decreto.<\/p>\n\n\n\n<p>La Fiscal\u00eda General de la Rep\u00fablica de Costa Rica se encuentra dirigiendo 10 allanamientos relacionados con una investigaci\u00f3n por los presuntos delitos de violaci\u00f3n de datos personales, abuso de autoridad y prevaricato.<\/p>\n\n\n\n<p>Los operativos se realizan en este momento en Casa Presidencial, el Ministerio de Planificaci\u00f3n y cuatro casas de habitaci\u00f3n.<\/p>\n\n\n\n<p>Trascendi\u00f3 en los \u00faltimos d\u00edas que, entre mayo de 2018 y octubre de 2019, Diego Fern\u00e1ndez y Alejandro Madrigal, asesores de Casa Presidencial, se habr\u00edan desempe\u00f1ado para conformar dicha unidad gubernamental y compilar los datos para la supuesta ejecuci\u00f3n de pol\u00edticas p\u00fablicas.<\/p>\n\n\n\n<p>Al parecer, no hab\u00eda ning\u00fan respaldo de \u00edndole legal.<\/p>\n","protected":false},"excerpt":{"rendered":"<p>Los medios internacionales han dado a conocer a la comunidad internacional que hoy el Ministerio P\u00fablico, allan\u00f3 Casa Presidencial y<\/p>\n","protected":false},"author":1,"featured_media":309,"comment_status":"open","ping_status":"open","sticky":false,"template":"","format":"standard","meta":{"colormag_page_container_layout":"default_layout","colormag_page_sidebar_layout":"default_layout","footnotes":""},"categories":[3],"tags":[],"class_list":["post-308","post","type-post","status-publish","format-standard","has-post-thumbnail","hentry","category-internacional"],"_links":{"self":[{"href":"https:\/\/elmetidosv.com\/index.php?rest_route=\/wp\/v2\/posts\/308","targetHints":{"allow":["GET"]}}],"collection":[{"href":"https:\/\/elmetidosv.com\/index.php?rest_route=\/wp\/v2\/posts"}],"about":[{"href":"https:\/\/elmetidosv.com\/index.php?rest_route=\/wp\/v2\/types\/post"}],"author":[{"embeddable":true,"href":"https:\/\/elmetidosv.com\/index.php?rest_route=\/wp\/v2\/users\/1"}],"replies":[{"embeddable":true,"href":"https:\/\/elmetidosv.com\/index.php?rest_route=%2Fwp%2Fv2%2Fcomments&post=308"}],"version-history":[{"count":1,"href":"https:\/\/elmetidosv.com\/index.php?rest_route=\/wp\/v2\/posts\/308\/revisions"}],"predecessor-version":[{"id":310,"href":"https:\/\/elmetidosv.com\/index.php?rest_route=\/wp\/v2\/posts\/308\/revisions\/310"}],"wp:featuredmedia":[{"embeddable":true,"href":"https:\/\/elmetidosv.com\/index.php?rest_route=\/wp\/v2\/media\/309"}],"wp:attachment":[{"href":"https:\/\/elmetidosv.com\/index.php?rest_route=%2Fwp%2Fv2%2Fmedia&parent=308"}],"wp:term":[{"taxonomy":"category","embeddable":true,"href":"https:\/\/elmetidosv.com\/index.php?rest_route=%2Fwp%2Fv2%2Fcategories&post=308"},{"taxonomy":"post_tag","embeddable":true,"href":"https:\/\/elmetidosv.com\/index.php?rest_route=%2Fwp%2Fv2%2Ftags&post=308"}],"curies":[{"name":"wp","href":"https:\/\/api.w.org\/{rel}","templated":true}]}}