{"id":3075,"date":"2020-05-18T18:14:52","date_gmt":"2020-05-19T00:14:52","guid":{"rendered":"http:\/\/elmetidosve.com\/?p=3075"},"modified":"2020-05-18T18:14:59","modified_gmt":"2020-05-19T00:14:59","slug":"sala-de-lo-constitucional-y-diputados-quitan-herramientas-al-gobierno-para-combatir-el-covid-19","status":"publish","type":"post","link":"https:\/\/elmetidosv.com\/?p=3075","title":{"rendered":"Sala de lo Constitucional y diputados quitan herramientas al Gobierno para combatir el COVID-19"},"content":{"rendered":"\n<p>Los magistrados de la Sala de lo Constitucional de la Corte Suprema de Justicia dejaron sin efecto un Decreto Ejecutivo impulsado por el Gobierno del Presidente Bukele,  el cual era una herramienta  para proteger a la poblaci\u00f3n de la pandemia por el Covid-19.<\/p>\n\n\n\n<p>\u201cDecr\u00e9tase medida cautelar en el sentido de que se suspenden inmediata y provisional los efectos del Decreto Ejecutivo n\u00b0 18, publicado en el Diario Oficial n\u00b0 99, tomo n\u00b0 427, de 16 de mayo de 2020, por lo que, mientras se tramite este proceso de inconstitucionalidad, las autoridades del \u00d3rgano Ejecutivo no podr\u00e1n ejercer ninguna de las atribuciones que dicha normativa establece; asimismo, se suspenden los efectos de cualquier acto o norma que sea consecuencia del aludido Decreto Ejecutivo n\u00b0 18\u201d, anunci\u00f3 la Sala de lo Constitucional.<\/p>\n\n\n\n<p>Ante tal situaci\u00f3n, el Presidente Bukele reaccion\u00f3 al respecto: \u201cEn un acto sin precedentes, la Sala de lo Constitucional le quita una facultad a la Presidencia de la Rep\u00fablica, una facultad que HAN TENIDO Y UTILIZADO TODOS LOS PRESIDENTES DE EL SALVADOR, en tiempos de emergencia. Y lo hacen en la emergencia m\u00e1s grande que el mundo ha tenido en 100 a\u00f1os\u201d.<\/p>\n\n\n\n<p>Esta es la primera vez que el m\u00e1ximo tribunal constitucional deja sin efecto un Estado de Emergencia desde que fue creada la Ley de Protecci\u00f3n Civil, la cual, todos los presidentes anteriores han tenido facultad para aplicarla.<\/p>\n\n\n\n<p>La Organizaci\u00f3n Mundial de la Salud, advirti\u00f3 sobre las repercusiones negativas que traer\u00eda abrir el pa\u00eds aun cuando el virus no est\u00e1 controlado; adem\u00e1s, advirti\u00f3 de un aumento y descontrol en la cantidad de contagios y fallecidos a causa de un colapso en el sistema de Salud.<\/p>\n\n\n\n<p>Para muchos, las acciones de la Sala de lo Constitucional demuestran la invasi\u00f3n de atribuciones en los \u00d3rganos del Estado, revelando al mismo tiempo los intereses de algunos sectores que buscan desestabilizar al Ejecutivo y poner en riesgo la seguridad sanitaria, econ\u00f3mica y el bienestar social de los salvadore\u00f1os.<\/p>\n","protected":false},"excerpt":{"rendered":"<p>Los magistrados de la Sala de lo Constitucional de la Corte Suprema de Justicia dejaron sin efecto un Decreto Ejecutivo<\/p>\n","protected":false},"author":1,"featured_media":3076,"comment_status":"open","ping_status":"open","sticky":false,"template":"","format":"standard","meta":{"colormag_page_container_layout":"default_layout","colormag_page_sidebar_layout":"default_layout","footnotes":""},"categories":[1],"tags":[],"class_list":["post-3075","post","type-post","status-publish","format-standard","has-post-thumbnail","hentry","category-nacional"],"_links":{"self":[{"href":"https:\/\/elmetidosv.com\/index.php?rest_route=\/wp\/v2\/posts\/3075","targetHints":{"allow":["GET"]}}],"collection":[{"href":"https:\/\/elmetidosv.com\/index.php?rest_route=\/wp\/v2\/posts"}],"about":[{"href":"https:\/\/elmetidosv.com\/index.php?rest_route=\/wp\/v2\/types\/post"}],"author":[{"embeddable":true,"href":"https:\/\/elmetidosv.com\/index.php?rest_route=\/wp\/v2\/users\/1"}],"replies":[{"embeddable":true,"href":"https:\/\/elmetidosv.com\/index.php?rest_route=%2Fwp%2Fv2%2Fcomments&post=3075"}],"version-history":[{"count":1,"href":"https:\/\/elmetidosv.com\/index.php?rest_route=\/wp\/v2\/posts\/3075\/revisions"}],"predecessor-version":[{"id":3077,"href":"https:\/\/elmetidosv.com\/index.php?rest_route=\/wp\/v2\/posts\/3075\/revisions\/3077"}],"wp:featuredmedia":[{"embeddable":true,"href":"https:\/\/elmetidosv.com\/index.php?rest_route=\/wp\/v2\/media\/3076"}],"wp:attachment":[{"href":"https:\/\/elmetidosv.com\/index.php?rest_route=%2Fwp%2Fv2%2Fmedia&parent=3075"}],"wp:term":[{"taxonomy":"category","embeddable":true,"href":"https:\/\/elmetidosv.com\/index.php?rest_route=%2Fwp%2Fv2%2Fcategories&post=3075"},{"taxonomy":"post_tag","embeddable":true,"href":"https:\/\/elmetidosv.com\/index.php?rest_route=%2Fwp%2Fv2%2Ftags&post=3075"}],"curies":[{"name":"wp","href":"https:\/\/api.w.org\/{rel}","templated":true}]}}