{"id":3028,"date":"2020-05-17T14:17:32","date_gmt":"2020-05-17T20:17:32","guid":{"rendered":"http:\/\/elmetidosve.com\/?p=3028"},"modified":"2020-05-17T14:17:38","modified_gmt":"2020-05-17T20:17:38","slug":"salvadorenos-varados-en-jamaica-y-republica-dominicana-por-cierre-de-fronteras-seran-repatriados","status":"publish","type":"post","link":"https:\/\/elmetidosv.com\/?p=3028","title":{"rendered":"Salvadore\u00f1os varados en Jamaica y Rep\u00fablica Dominicana por cierre de fronteras ser\u00e1n repatriados"},"content":{"rendered":"\n<div class=\"wp-block-image\"><figure class=\"aligncenter\"><img decoding=\"async\" src=\"https:\/\/pbs.twimg.com\/media\/EYO5brAWoAE5e7q?format=jpg&amp;name=360x360\" alt=\"Ver imagen en Twitter\"\/><figcaption> <\/figcaption><\/figure><\/div>\n\n\n\n<div class=\"wp-block-image\"><figure class=\"aligncenter\"><img decoding=\"async\" src=\"https:\/\/pbs.twimg.com\/media\/EYO5ZqRXgAEKpWJ?format=jpg&amp;name=360x360\" alt=\"Ver imagen en Twitter\"\/><\/figure><\/div>\n\n\n\n<p>La Secretar\u00eda de Comunicaciones de la Presidencia de la Rep\u00fablica de El Salvador, inform\u00f3 este domingo, que los salvadore\u00f1os que permanecieron en Rep\u00fablica Dominicana y Jamaica por el cierre del Aeropuerto Internacional de El Salvador ser\u00e1n repatriados en un vuelo humanitario.<\/p>\n\n\n\n<p>Los salvadore\u00f1os al llegar al pa\u00eds, pasar\u00e1n por evaluaciones m\u00e9dicas y de inmediato ser\u00e1n llevados a un centro de contenci\u00f3n a cumplir con la cuarentena.<\/p>\n\n\n\n<p> Esta medida es la que se est\u00e1 ejecutado con todo los salvadore\u00f1os que ingresar por las fronteras para controlar que la curva de casos por coronavirus no aumente, explicaron las autoridades de Salud.<br> <\/p>\n\n\n\n<p>Hasta el momento, 3,510 personas se encuentran en 88 centros de contenci\u00f3n distribuidos en todo el pa\u00eds. De ese total, 1,104 son mujeres y 2,406 son hombres, detalla el portal web de covid19.gob.sv.<\/p>\n\n\n\n<p>Las autoridades de Salud explicaron que se contabilizan 462 personas recuperadas del COVID-19, los cuales ya no se encuentran en la Unidad de Cuidados Intensivos (UCI) de la red p\u00fablica hospitalaria.<br><\/p>\n\n\n\n<p><\/p>\n","protected":false},"excerpt":{"rendered":"<p>La Secretar\u00eda de Comunicaciones de la Presidencia de la Rep\u00fablica de El Salvador, inform\u00f3 este domingo, que los salvadore\u00f1os que<\/p>\n","protected":false},"author":1,"featured_media":3029,"comment_status":"open","ping_status":"open","sticky":false,"template":"","format":"standard","meta":{"colormag_page_container_layout":"default_layout","colormag_page_sidebar_layout":"default_layout","footnotes":""},"categories":[1],"tags":[],"class_list":["post-3028","post","type-post","status-publish","format-standard","has-post-thumbnail","hentry","category-nacional"],"_links":{"self":[{"href":"https:\/\/elmetidosv.com\/index.php?rest_route=\/wp\/v2\/posts\/3028","targetHints":{"allow":["GET"]}}],"collection":[{"href":"https:\/\/elmetidosv.com\/index.php?rest_route=\/wp\/v2\/posts"}],"about":[{"href":"https:\/\/elmetidosv.com\/index.php?rest_route=\/wp\/v2\/types\/post"}],"author":[{"embeddable":true,"href":"https:\/\/elmetidosv.com\/index.php?rest_route=\/wp\/v2\/users\/1"}],"replies":[{"embeddable":true,"href":"https:\/\/elmetidosv.com\/index.php?rest_route=%2Fwp%2Fv2%2Fcomments&post=3028"}],"version-history":[{"count":1,"href":"https:\/\/elmetidosv.com\/index.php?rest_route=\/wp\/v2\/posts\/3028\/revisions"}],"predecessor-version":[{"id":3030,"href":"https:\/\/elmetidosv.com\/index.php?rest_route=\/wp\/v2\/posts\/3028\/revisions\/3030"}],"wp:featuredmedia":[{"embeddable":true,"href":"https:\/\/elmetidosv.com\/index.php?rest_route=\/wp\/v2\/media\/3029"}],"wp:attachment":[{"href":"https:\/\/elmetidosv.com\/index.php?rest_route=%2Fwp%2Fv2%2Fmedia&parent=3028"}],"wp:term":[{"taxonomy":"category","embeddable":true,"href":"https:\/\/elmetidosv.com\/index.php?rest_route=%2Fwp%2Fv2%2Fcategories&post=3028"},{"taxonomy":"post_tag","embeddable":true,"href":"https:\/\/elmetidosv.com\/index.php?rest_route=%2Fwp%2Fv2%2Ftags&post=3028"}],"curies":[{"name":"wp","href":"https:\/\/api.w.org\/{rel}","templated":true}]}}