{"id":30145,"date":"2026-07-21T16:20:30","date_gmt":"2026-07-21T22:20:30","guid":{"rendered":"https:\/\/elmetidosv.com\/?p=30145"},"modified":"2026-07-21T16:20:30","modified_gmt":"2026-07-21T22:20:30","slug":"en-santa-ana-un-padre-debera-pagar-1750-en-cuotas-alimenticias-adeudadas-a-favor-de-sus-cuatro-hijos","status":"publish","type":"post","link":"https:\/\/elmetidosv.com\/?p=30145","title":{"rendered":"EN SANTA ANA UN PADRE DEBER\u00c1 PAGAR $1,750 EN CUOTAS ALIMENTICIAS ADEUDADAS A FAVOR DE SUS CUATRO HIJOS"},"content":{"rendered":"\n<p>El Juzgado Tercero de Paz de Santa Ana autoriz\u00f3 un acuerdo conciliatorio entre <strong>Rafael Ernesto M. P.<\/strong> y la representante legal de sus cuatro hijos, en un proceso por el delito de <strong>incumplimiento de los deberes de asistencia econ\u00f3mica<\/strong>.<\/p>\n\n\n\n<p>De acuerdo con la resoluci\u00f3n, el imputado entreg\u00f3 <strong>$400 durante la audiencia<\/strong>, por lo que qued\u00f3 pendiente un saldo de <strong>$1,350<\/strong>.<\/p>\n\n\n\n<p>El monto restante ser\u00e1 cancelado mediante <strong>22 cuotas mensuales de $60<\/strong> y una \u00faltima cuota de <strong>$30<\/strong>. Los pagos deber\u00e1n realizarse el d\u00eda 30 de cada mes, a partir de agosto.<\/p>\n\n\n\n<p>Seg\u00fan el requerimiento fiscal, en octubre de 2024 la representante legal de los menores inici\u00f3 un procedimiento ante la Procuradur\u00eda General de la Rep\u00fablica (PGR) para establecer una cuota alimenticia. En ese proceso se acord\u00f3 que el procesado deb\u00eda pagar mensualmente <strong>$150<\/strong>.<\/p>\n\n\n\n<p>Sin embargo, la denunciante manifest\u00f3 que el imputado incumpli\u00f3 con el acuerdo establecido, lo que gener\u00f3 una deuda alimenticia de <strong>$1,750<\/strong>, correspondiente a cuotas no canceladas desde marzo de 2026 hasta la fecha, adem\u00e1s de otros pagos pendientes de per\u00edodos anteriores.<\/p>\n\n\n\n<p>Con el acuerdo conciliatorio autorizado por el juzgado, el procesado deber\u00e1 cumplir con el calendario de pagos establecido para saldar la deuda pendiente.<\/p>\n","protected":false},"excerpt":{"rendered":"<p>El Juzgado Tercero de Paz de Santa Ana autoriz\u00f3 un acuerdo conciliatorio entre Rafael Ernesto M. P. y la representante<\/p>\n","protected":false},"author":2,"featured_media":30146,"comment_status":"closed","ping_status":"","sticky":false,"template":"","format":"standard","meta":{"colormag_page_container_layout":"default_layout","colormag_page_sidebar_layout":"default_layout","footnotes":""},"categories":[1],"tags":[12475,4087,12474,4085,9168,12476,31,12473,11963,82,10413,7450,12472,33,41],"class_list":["post-30145","post","type-post","status-publish","format-standard","has-post-thumbnail","hentry","category-nacional","tag-acuerdo-conciliatorio","tag-asistencia-economica","tag-cuatro-hijos","tag-cuota-alimenticia","tag-deuda-alimenticia","tag-deuda-alimenticia-en-el-salvador","tag-el-salvador","tag-hijos","tag-incumplimiento-de-deberes-de-asistencia-economica","tag-justicia","tag-noticias-nacionales-2","tag-pgr","tag-procuraduria-general-de-la-republica-tags-santa-ana","tag-santa-ana","tag-tribunales"],"_links":{"self":[{"href":"https:\/\/elmetidosv.com\/index.php?rest_route=\/wp\/v2\/posts\/30145","targetHints":{"allow":["GET"]}}],"collection":[{"href":"https:\/\/elmetidosv.com\/index.php?rest_route=\/wp\/v2\/posts"}],"about":[{"href":"https:\/\/elmetidosv.com\/index.php?rest_route=\/wp\/v2\/types\/post"}],"author":[{"embeddable":true,"href":"https:\/\/elmetidosv.com\/index.php?rest_route=\/wp\/v2\/users\/2"}],"replies":[{"embeddable":true,"href":"https:\/\/elmetidosv.com\/index.php?rest_route=%2Fwp%2Fv2%2Fcomments&post=30145"}],"version-history":[{"count":1,"href":"https:\/\/elmetidosv.com\/index.php?rest_route=\/wp\/v2\/posts\/30145\/revisions"}],"predecessor-version":[{"id":30147,"href":"https:\/\/elmetidosv.com\/index.php?rest_route=\/wp\/v2\/posts\/30145\/revisions\/30147"}],"wp:featuredmedia":[{"embeddable":true,"href":"https:\/\/elmetidosv.com\/index.php?rest_route=\/wp\/v2\/media\/30146"}],"wp:attachment":[{"href":"https:\/\/elmetidosv.com\/index.php?rest_route=%2Fwp%2Fv2%2Fmedia&parent=30145"}],"wp:term":[{"taxonomy":"category","embeddable":true,"href":"https:\/\/elmetidosv.com\/index.php?rest_route=%2Fwp%2Fv2%2Fcategories&post=30145"},{"taxonomy":"post_tag","embeddable":true,"href":"https:\/\/elmetidosv.com\/index.php?rest_route=%2Fwp%2Fv2%2Ftags&post=30145"}],"curies":[{"name":"wp","href":"https:\/\/api.w.org\/{rel}","templated":true}]}}