{"id":30130,"date":"2026-07-21T15:48:20","date_gmt":"2026-07-21T21:48:20","guid":{"rendered":"https:\/\/elmetidosv.com\/?p=30130"},"modified":"2026-07-21T16:10:02","modified_gmt":"2026-07-21T22:10:02","slug":"hallazgo-arqueologico-en-antiguo-cuscatlan-revelaria-restos-humanos-de-hace-casi-3000-anos","status":"publish","type":"post","link":"https:\/\/elmetidosv.com\/?p=30130","title":{"rendered":"HALLAZGO ARQUEOL\u00d3GICO EN ANTIGUO CUSCATL\u00c1N REVELAR\u00cdA RESTOS HUMANOS DE HACE CASI 3,000 A\u00d1OS"},"content":{"rendered":"\n<figure class=\"wp-block-image size-large\"><img loading=\"lazy\" decoding=\"async\" width=\"770\" height=\"1024\" src=\"https:\/\/elmetidosv.com\/wp-content\/uploads\/2026\/07\/antiguo-2-770x1024.jpg\" alt=\"\" class=\"wp-image-30132\" srcset=\"https:\/\/elmetidosv.com\/wp-content\/uploads\/2026\/07\/antiguo-2-770x1024.jpg 770w, https:\/\/elmetidosv.com\/wp-content\/uploads\/2026\/07\/antiguo-2-226x300.jpg 226w, https:\/\/elmetidosv.com\/wp-content\/uploads\/2026\/07\/antiguo-2-768x1021.jpg 768w, https:\/\/elmetidosv.com\/wp-content\/uploads\/2026\/07\/antiguo-2.jpg 800w\" sizes=\"auto, (max-width: 770px) 100vw, 770px\" \/><\/figure>\n\n\n\n<p><strong>ANTIGUO CUSCATL\u00c1N, La Libertad.<\/strong>\u2013 Un supuesto hallazgo arqueol\u00f3gico en Antiguo Cuscatl\u00e1n ha generado inter\u00e9s en redes sociales tras la divulgaci\u00f3n de informaci\u00f3n sobre la extracci\u00f3n de una osamenta humana que habr\u00eda sido fechada alrededor del a\u00f1o <strong>850 antes de Cristo<\/strong>.<\/p>\n\n\n\n<p>De confirmarse oficialmente, se tratar\u00eda de uno de los registros m\u00e1s antiguos de restos humanos localizados en esta zona de El Salvador y aportar\u00eda nuevos elementos para el estudio de las sociedades prehisp\u00e1nicas que habitaron el territorio nacional.<\/p>\n\n\n\n<p>Antiguo Cuscatl\u00e1n es reconocido por su importancia arqueol\u00f3gica. Investigaciones anteriores han documentado evidencias de antiguas ocupaciones humanas correspondientes al <strong>Precl\u00e1sico Medio<\/strong>, algunas de ellas preservadas gracias a dep\u00f3sitos volc\u00e1nicos asociados con erupciones ocurridas miles de a\u00f1os atr\u00e1s.<\/p>\n\n\n\n<p>Los especialistas han destacado que este tipo de descubrimientos puede contribuir a reconstruir aspectos de la historia prehisp\u00e1nica de El Salvador y a comprender mejor el desarrollo de las primeras sociedades que habitaron la regi\u00f3n.<\/p>\n\n\n\n<figure class=\"wp-block-image size-large\"><img loading=\"lazy\" decoding=\"async\" width=\"770\" height=\"1024\" src=\"https:\/\/elmetidosv.com\/wp-content\/uploads\/2026\/07\/aniguo-3-770x1024.jpg\" alt=\"\" class=\"wp-image-30133\" srcset=\"https:\/\/elmetidosv.com\/wp-content\/uploads\/2026\/07\/aniguo-3-770x1024.jpg 770w, https:\/\/elmetidosv.com\/wp-content\/uploads\/2026\/07\/aniguo-3-226x300.jpg 226w, https:\/\/elmetidosv.com\/wp-content\/uploads\/2026\/07\/aniguo-3-768x1021.jpg 768w, https:\/\/elmetidosv.com\/wp-content\/uploads\/2026\/07\/aniguo-3.jpg 800w\" sizes=\"auto, (max-width: 770px) 100vw, 770px\" \/><\/figure>\n\n\n\n<p>El hallazgo tambi\u00e9n pone nuevamente de relieve la importancia de proteger el patrimonio arqueol\u00f3gico nacional y de realizar investigaciones cient\u00edficas que permitan confirmar la antig\u00fcedad, el contexto y la relevancia hist\u00f3rica de los restos encontrados.<\/p>\n\n\n\n<p>Hasta el momento, la informaci\u00f3n divulgada en redes sociales debe ser considerada preliminar y se espera que las instituciones competentes brinden detalles oficiales sobre el descubrimiento y los estudios realizados a la osamenta.<\/p>\n\n\n\n<figure class=\"wp-block-image size-large\"><img loading=\"lazy\" decoding=\"async\" width=\"770\" height=\"1024\" src=\"https:\/\/elmetidosv.com\/wp-content\/uploads\/2026\/07\/antiguo-3-770x1024.jpg\" alt=\"\" class=\"wp-image-30134\" srcset=\"https:\/\/elmetidosv.com\/wp-content\/uploads\/2026\/07\/antiguo-3-770x1024.jpg 770w, https:\/\/elmetidosv.com\/wp-content\/uploads\/2026\/07\/antiguo-3-226x300.jpg 226w, https:\/\/elmetidosv.com\/wp-content\/uploads\/2026\/07\/antiguo-3-768x1021.jpg 768w, https:\/\/elmetidosv.com\/wp-content\/uploads\/2026\/07\/antiguo-3.jpg 800w\" sizes=\"auto, (max-width: 770px) 100vw, 770px\" \/><\/figure>\n","protected":false},"excerpt":{"rendered":"<p>ANTIGUO CUSCATL\u00c1N, La Libertad.\u2013 Un supuesto hallazgo arqueol\u00f3gico en Antiguo Cuscatl\u00e1n ha generado inter\u00e9s en redes sociales tras la divulgaci\u00f3n<\/p>\n","protected":false},"author":2,"featured_media":30131,"comment_status":"closed","ping_status":"closed","sticky":false,"template":"","format":"standard","meta":{"colormag_page_container_layout":"default_layout","colormag_page_sidebar_layout":"default_layout","footnotes":""},"categories":[1],"tags":[7703,12450,7969,12458,31,12455,12448,12456,12449,12454,12452,12457,12453,2723,12451],"class_list":["post-30130","post","type-post","status-publish","format-standard","has-post-thumbnail","hentry","category-nacional","tag-arqueologia","tag-arqueologia-de-el-salvador","tag-cultura-salvadorena","tag-descubrimientos-arqueologicos","tag-el-salvador","tag-hallazgo-arqueologico","tag-hallazgo-arqueologico-en-antiguo-cuscatlan","tag-historia-prehispanica","tag-historia-prehispanica-de-el-salvador","tag-osamenta-arqueologica-tags-antiguo-cuscatlan","tag-patrimonio-arqueologico","tag-patrimonio-cultural","tag-preclasico-medio","tag-restos-humanos","tag-restos-humanos-de-850-antes-de-cristo"],"_links":{"self":[{"href":"https:\/\/elmetidosv.com\/index.php?rest_route=\/wp\/v2\/posts\/30130","targetHints":{"allow":["GET"]}}],"collection":[{"href":"https:\/\/elmetidosv.com\/index.php?rest_route=\/wp\/v2\/posts"}],"about":[{"href":"https:\/\/elmetidosv.com\/index.php?rest_route=\/wp\/v2\/types\/post"}],"author":[{"embeddable":true,"href":"https:\/\/elmetidosv.com\/index.php?rest_route=\/wp\/v2\/users\/2"}],"replies":[{"embeddable":true,"href":"https:\/\/elmetidosv.com\/index.php?rest_route=%2Fwp%2Fv2%2Fcomments&post=30130"}],"version-history":[{"count":1,"href":"https:\/\/elmetidosv.com\/index.php?rest_route=\/wp\/v2\/posts\/30130\/revisions"}],"predecessor-version":[{"id":30135,"href":"https:\/\/elmetidosv.com\/index.php?rest_route=\/wp\/v2\/posts\/30130\/revisions\/30135"}],"wp:featuredmedia":[{"embeddable":true,"href":"https:\/\/elmetidosv.com\/index.php?rest_route=\/wp\/v2\/media\/30131"}],"wp:attachment":[{"href":"https:\/\/elmetidosv.com\/index.php?rest_route=%2Fwp%2Fv2%2Fmedia&parent=30130"}],"wp:term":[{"taxonomy":"category","embeddable":true,"href":"https:\/\/elmetidosv.com\/index.php?rest_route=%2Fwp%2Fv2%2Fcategories&post=30130"},{"taxonomy":"post_tag","embeddable":true,"href":"https:\/\/elmetidosv.com\/index.php?rest_route=%2Fwp%2Fv2%2Ftags&post=30130"}],"curies":[{"name":"wp","href":"https:\/\/api.w.org\/{rel}","templated":true}]}}