{"id":30107,"date":"2026-07-21T12:14:20","date_gmt":"2026-07-21T18:14:20","guid":{"rendered":"https:\/\/elmetidosv.com\/?p=30107"},"modified":"2026-07-21T12:14:20","modified_gmt":"2026-07-21T18:14:20","slug":"pronostican-lluvias-y-tormentas-para-la-tarde-y-noche-en-varios-sectores-de-el-salvador","status":"publish","type":"post","link":"https:\/\/elmetidosv.com\/?p=30107","title":{"rendered":"PRONOSTICAN LLUVIAS Y TORMENTAS PARA LA TARDE Y NOCHE EN VARIOS SECTORES DE EL SALVADOR"},"content":{"rendered":"\n<figure class=\"wp-block-image size-large\"><img loading=\"lazy\" decoding=\"async\" width=\"818\" height=\"1024\" src=\"https:\/\/elmetidosv.com\/wp-content\/uploads\/2026\/07\/lluvias-818x1024.jpeg\" alt=\"\" class=\"wp-image-30108\" srcset=\"https:\/\/elmetidosv.com\/wp-content\/uploads\/2026\/07\/lluvias-818x1024.jpeg 818w, https:\/\/elmetidosv.com\/wp-content\/uploads\/2026\/07\/lluvias-240x300.jpeg 240w, https:\/\/elmetidosv.com\/wp-content\/uploads\/2026\/07\/lluvias-768x961.jpeg 768w, https:\/\/elmetidosv.com\/wp-content\/uploads\/2026\/07\/lluvias.jpeg 1160w\" sizes=\"auto, (max-width: 818px) 100vw, 818px\" \/><\/figure>\n\n\n\n<p>El Ministerio de Medio Ambiente pronostic\u00f3 lluvias y tormentas para finales de la tarde y durante la noche de este d\u00eda en distintos sectores de El Salvador.<\/p>\n\n\n\n<p>Durante el final de la tarde, se espera un cielo parcialmente nublado, con lluvias en la cordillera Apaneca-Ilamatepec y en la zona norte de los departamentos de Chalatenango y Caba\u00f1as.<\/p>\n\n\n\n<p>Para la noche, el cielo estar\u00e1 nublado y se prev\u00e9n lluvias y tormentas en los departamentos de Cuscatl\u00e1n, San Salvador \u2014incluido el \u00c1rea Metropolitana\u2014, La Libertad, Sonsonate y Ahuachap\u00e1n.<\/p>\n\n\n\n<p>Las autoridades recomiendan a la poblaci\u00f3n mantenerse atenta a las actualizaciones oficiales y tomar las precauciones necesarias ante posibles cambios en las condiciones meteorol\u00f3gicas.<\/p>\n\n\n\n<p>PUBLICIDAD <\/p>\n\n\n\n<figure class=\"wp-block-image size-full\"><img loading=\"lazy\" decoding=\"async\" width=\"957\" height=\"960\" src=\"https:\/\/elmetidosv.com\/wp-content\/uploads\/2026\/05\/2D-AZUCAR.jpg\" alt=\"\" class=\"wp-image-27126\" srcset=\"https:\/\/elmetidosv.com\/wp-content\/uploads\/2026\/05\/2D-AZUCAR.jpg 957w, https:\/\/elmetidosv.com\/wp-content\/uploads\/2026\/05\/2D-AZUCAR-300x300.jpg 300w, https:\/\/elmetidosv.com\/wp-content\/uploads\/2026\/05\/2D-AZUCAR-150x150.jpg 150w, https:\/\/elmetidosv.com\/wp-content\/uploads\/2026\/05\/2D-AZUCAR-768x770.jpg 768w\" sizes=\"auto, (max-width: 957px) 100vw, 957px\" \/><\/figure>\n","protected":false},"excerpt":{"rendered":"<p>El Ministerio de Medio Ambiente pronostic\u00f3 lluvias y tormentas para finales de la tarde y durante la noche de este<\/p>\n","protected":false},"author":2,"featured_media":30109,"comment_status":"closed","ping_status":"","sticky":false,"template":"","format":"standard","meta":{"colormag_page_container_layout":"default_layout","colormag_page_sidebar_layout":"default_layout","footnotes":""},"categories":[1],"tags":[40,1684,251,844,12411,12413,115,304,12410,4990,11852,12412,280,1991,295,5598,126,219,6589,12409],"class_list":["post-30107","post","type-post","status-publish","format-standard","has-post-thumbnail","hentry","category-nacional","tag-ahuachapan","tag-cabanas","tag-chalatenango","tag-clima","tag-clima-en-san-salvador","tag-cuscatlan-3","tag-la-libertad","tag-lluvias","tag-lluvias-en-ahuachapan-tags-el-salvador","tag-lluvias-en-el-salvador","tag-lluvias-en-la-libertad","tag-lluvias-en-sonsonate","tag-medio-ambiente","tag-ministerio-de-medio-ambiente","tag-pronostico-del-tiempo","tag-pronostico-meteorologico","tag-san-salvador","tag-sonsonate","tag-tormentas","tag-tormentas-en-el-salvador"],"_links":{"self":[{"href":"https:\/\/elmetidosv.com\/index.php?rest_route=\/wp\/v2\/posts\/30107","targetHints":{"allow":["GET"]}}],"collection":[{"href":"https:\/\/elmetidosv.com\/index.php?rest_route=\/wp\/v2\/posts"}],"about":[{"href":"https:\/\/elmetidosv.com\/index.php?rest_route=\/wp\/v2\/types\/post"}],"author":[{"embeddable":true,"href":"https:\/\/elmetidosv.com\/index.php?rest_route=\/wp\/v2\/users\/2"}],"replies":[{"embeddable":true,"href":"https:\/\/elmetidosv.com\/index.php?rest_route=%2Fwp%2Fv2%2Fcomments&post=30107"}],"version-history":[{"count":1,"href":"https:\/\/elmetidosv.com\/index.php?rest_route=\/wp\/v2\/posts\/30107\/revisions"}],"predecessor-version":[{"id":30110,"href":"https:\/\/elmetidosv.com\/index.php?rest_route=\/wp\/v2\/posts\/30107\/revisions\/30110"}],"wp:featuredmedia":[{"embeddable":true,"href":"https:\/\/elmetidosv.com\/index.php?rest_route=\/wp\/v2\/media\/30109"}],"wp:attachment":[{"href":"https:\/\/elmetidosv.com\/index.php?rest_route=%2Fwp%2Fv2%2Fmedia&parent=30107"}],"wp:term":[{"taxonomy":"category","embeddable":true,"href":"https:\/\/elmetidosv.com\/index.php?rest_route=%2Fwp%2Fv2%2Fcategories&post=30107"},{"taxonomy":"post_tag","embeddable":true,"href":"https:\/\/elmetidosv.com\/index.php?rest_route=%2Fwp%2Fv2%2Ftags&post=30107"}],"curies":[{"name":"wp","href":"https:\/\/api.w.org\/{rel}","templated":true}]}}