{"id":30104,"date":"2026-07-21T11:48:22","date_gmt":"2026-07-21T17:48:22","guid":{"rendered":"https:\/\/elmetidosv.com\/?p=30104"},"modified":"2026-07-21T11:48:22","modified_gmt":"2026-07-21T17:48:22","slug":"envian-a-juicio-a-procesado-por-trafico-ilicito-de-mas-de-un-kilo-de-marihuana-en-santa-ana","status":"publish","type":"post","link":"https:\/\/elmetidosv.com\/?p=30104","title":{"rendered":"ENV\u00cdAN A JUICIO A PROCESADO POR TR\u00c1FICO IL\u00cdCITO DE M\u00c1S DE UN KILO DE MARIHUANA EN SANTA ANA"},"content":{"rendered":"\n<p><strong>SANTA ANA, El Salvador.<\/strong>\u2013 El Juzgado Segundo de Instrucci\u00f3n de Santa Ana orden\u00f3 la apertura a juicio y ratific\u00f3 la detenci\u00f3n provisional contra <strong>Samuel Alejandro N. V.<\/strong>, acusado del delito de tr\u00e1fico il\u00edcito.<\/p>\n\n\n\n<p>De acuerdo con la acusaci\u00f3n fiscal, los hechos ocurrieron el <strong>12 de junio de 2025<\/strong>, cuando agentes de la Divisi\u00f3n Antinarc\u00f3ticos de la Polic\u00eda Nacional Civil (PNC) realizaban un patrullaje preventivo sobre la carretera que conduce de Santa Ana hacia San Pablo Tacachico, en las cercan\u00edas del cementerio Santa Isabel.<\/p>\n\n\n\n<p>Durante el procedimiento, los agentes observaron a dos hombres que se desplazaban en una motocicleta. Uno de ellos portaba un malet\u00edn.<\/p>\n\n\n\n<p>Al percatarse de la presencia policial, el conductor aceler\u00f3 la marcha, perdi\u00f3 el control de la motocicleta y ambos ocupantes cayeron al suelo. El conductor logr\u00f3 huir del lugar, mientras que Samuel Alejandro N. V. fue capturado en flagrancia cuando presuntamente intentaba escapar con el malet\u00edn.<\/p>\n\n\n\n<p>Durante la inspecci\u00f3n, las autoridades localizaron dos paquetes grandes, uno peque\u00f1o y una bolsa pl\u00e1stica con material vegetal. Las pruebas de campo determinaron que se trataba de <strong>marihuana<\/strong>, con un peso total de <strong>1,154.01 gramos<\/strong> y un valor comercial estimado de <strong>4,073.88 d\u00f3lares<\/strong>.<\/p>\n\n\n\n<p>Adem\u00e1s, las autoridades incautaron un tel\u00e9fono celular y la motocicleta en la que se transportaban los involucrados.<\/p>\n\n\n\n<p>Con la resoluci\u00f3n judicial, el procesado continuar\u00e1 en detenci\u00f3n provisional mientras el caso avanza hacia la etapa de juicio, donde se determinar\u00e1 su responsabilidad penal conforme a las pruebas que sean presentadas.<\/p>\n","protected":false},"excerpt":{"rendered":"<p>SANTA ANA, El Salvador.\u2013 El Juzgado Segundo de Instrucci\u00f3n de Santa Ana orden\u00f3 la apertura a juicio y ratific\u00f3 la<\/p>\n","protected":false},"author":2,"featured_media":30105,"comment_status":"closed","ping_status":"","sticky":false,"template":"","format":"standard","meta":{"colormag_page_container_layout":"default_layout","colormag_page_sidebar_layout":"default_layout","footnotes":""},"categories":[1],"tags":[2068,347,12407,4297,1445,31,1307,12406,10735,85,12405,1505,33,2855,12408],"class_list":["post-30104","post","type-post","status-publish","format-standard","has-post-thumbnail","hentry","category-nacional","tag-apertura-a-juicio","tag-detencion-provisional","tag-detenido-por-trafico-de-drogas-tags-santa-ana","tag-division-antinarcoticos","tag-drogas","tag-el-salvador","tag-marihuana","tag-mas-de-un-kilo-de-marihuana","tag-noticias-judiciales-2","tag-pnc","tag-proceso-judicial-en-el-salvador","tag-san-pablo-tacachico","tag-santa-ana","tag-trafico-ilicito","tag-trafico-ilicito-de-marihuana"],"_links":{"self":[{"href":"https:\/\/elmetidosv.com\/index.php?rest_route=\/wp\/v2\/posts\/30104","targetHints":{"allow":["GET"]}}],"collection":[{"href":"https:\/\/elmetidosv.com\/index.php?rest_route=\/wp\/v2\/posts"}],"about":[{"href":"https:\/\/elmetidosv.com\/index.php?rest_route=\/wp\/v2\/types\/post"}],"author":[{"embeddable":true,"href":"https:\/\/elmetidosv.com\/index.php?rest_route=\/wp\/v2\/users\/2"}],"replies":[{"embeddable":true,"href":"https:\/\/elmetidosv.com\/index.php?rest_route=%2Fwp%2Fv2%2Fcomments&post=30104"}],"version-history":[{"count":1,"href":"https:\/\/elmetidosv.com\/index.php?rest_route=\/wp\/v2\/posts\/30104\/revisions"}],"predecessor-version":[{"id":30106,"href":"https:\/\/elmetidosv.com\/index.php?rest_route=\/wp\/v2\/posts\/30104\/revisions\/30106"}],"wp:featuredmedia":[{"embeddable":true,"href":"https:\/\/elmetidosv.com\/index.php?rest_route=\/wp\/v2\/media\/30105"}],"wp:attachment":[{"href":"https:\/\/elmetidosv.com\/index.php?rest_route=%2Fwp%2Fv2%2Fmedia&parent=30104"}],"wp:term":[{"taxonomy":"category","embeddable":true,"href":"https:\/\/elmetidosv.com\/index.php?rest_route=%2Fwp%2Fv2%2Fcategories&post=30104"},{"taxonomy":"post_tag","embeddable":true,"href":"https:\/\/elmetidosv.com\/index.php?rest_route=%2Fwp%2Fv2%2Ftags&post=30104"}],"curies":[{"name":"wp","href":"https:\/\/api.w.org\/{rel}","templated":true}]}}