{"id":30097,"date":"2026-07-21T11:31:44","date_gmt":"2026-07-21T17:31:44","guid":{"rendered":"https:\/\/elmetidosv.com\/?p=30097"},"modified":"2026-07-21T11:31:44","modified_gmt":"2026-07-21T17:31:44","slug":"reinventar-los-pueblos-la-propuesta-del-alcalde-para-impulsar-santa-ana-oeste","status":"publish","type":"post","link":"https:\/\/elmetidosv.com\/?p=30097","title":{"rendered":"\u201cREINVENTAR LOS PUEBLOS\u201d: LA PROPUESTA DEL ALCALDE PARA IMPULSAR SANTA ANA OESTE"},"content":{"rendered":"\n<figure class=\"wp-block-image size-large\"><img loading=\"lazy\" decoding=\"async\" width=\"720\" height=\"1024\" src=\"https:\/\/elmetidosv.com\/wp-content\/uploads\/2026\/07\/2-720x1024.jpeg\" alt=\"\" class=\"wp-image-30099\" srcset=\"https:\/\/elmetidosv.com\/wp-content\/uploads\/2026\/07\/2-720x1024.jpeg 720w, https:\/\/elmetidosv.com\/wp-content\/uploads\/2026\/07\/2-211x300.jpeg 211w, https:\/\/elmetidosv.com\/wp-content\/uploads\/2026\/07\/2-768x1092.jpeg 768w, https:\/\/elmetidosv.com\/wp-content\/uploads\/2026\/07\/2.jpeg 1080w\" sizes=\"auto, (max-width: 720px) 100vw, 720px\" \/><\/figure>\n\n\n\n<p><strong>SANTA ANA OESTE, El Salvador.<\/strong>\u2013 El alcalde de Santa Ana Oeste, <strong>Jorge Castro<\/strong>, comparti\u00f3 en redes sociales su visi\u00f3n sobre el rumbo que, a su juicio, deben seguir los municipios para impulsar su desarrollo y generar nuevas oportunidades.<\/p>\n\n\n\n<p>En su publicaci\u00f3n, el edil plante\u00f3 que las municipalidades deben buscar nuevas fuentes de ingresos que no dependan exclusivamente de impuestos o tasas municipales. Tambi\u00e9n destac\u00f3 la importancia de fortalecer el sentido de pertenencia de la poblaci\u00f3n mediante la preservaci\u00f3n de las tradiciones y la esencia de cada comunidad.<\/p>\n\n\n\n<p>Como parte de esta visi\u00f3n, Castro comparti\u00f3 una fotograf\u00eda de la nueva planta embotelladora de agua <strong>SAO<\/strong>, proyecto que representa una de las apuestas de la administraci\u00f3n municipal para generar ingresos propios y contribuir al desarrollo del municipio.<\/p>\n\n\n\n<p>El alcalde reconoci\u00f3 que este tipo de transformaciones requieren tiempo y que podr\u00edan enfrentar resistencia, pero defendi\u00f3 la necesidad de reinventar los pueblos sin perder los elementos que forman parte de su identidad.<\/p>\n\n\n\n<p>\u201cSin Dios, todo esto es imposible\u201d, concluy\u00f3 el funcionario en su reflexi\u00f3n.<\/p>\n\n\n\n<p>PUBLICIDAD <\/p>\n\n\n\n<figure class=\"wp-block-image size-full\"><img loading=\"lazy\" decoding=\"async\" width=\"957\" height=\"960\" src=\"https:\/\/elmetidosv.com\/wp-content\/uploads\/2026\/05\/2D-AZUCAR.jpg\" alt=\"\" class=\"wp-image-27126\" srcset=\"https:\/\/elmetidosv.com\/wp-content\/uploads\/2026\/05\/2D-AZUCAR.jpg 957w, https:\/\/elmetidosv.com\/wp-content\/uploads\/2026\/05\/2D-AZUCAR-300x300.jpg 300w, https:\/\/elmetidosv.com\/wp-content\/uploads\/2026\/05\/2D-AZUCAR-150x150.jpg 150w, https:\/\/elmetidosv.com\/wp-content\/uploads\/2026\/05\/2D-AZUCAR-768x770.jpg 768w\" sizes=\"auto, (max-width: 957px) 100vw, 957px\" \/><\/figure>\n","protected":false},"excerpt":{"rendered":"<p>SANTA ANA OESTE, El Salvador.\u2013 El alcalde de Santa Ana Oeste, Jorge Castro, comparti\u00f3 en redes sociales su visi\u00f3n sobre<\/p>\n","protected":false},"author":2,"featured_media":30098,"comment_status":"closed","ping_status":"","sticky":false,"template":"","format":"standard","meta":{"colormag_page_container_layout":"default_layout","colormag_page_sidebar_layout":"default_layout","footnotes":""},"categories":[1],"tags":[4043,8326,9778,12394,31,12397,12390,12398,3893,12396,12393,12156,12395,12391,12392,2299],"class_list":["post-30097","post","type-post","status-publish","format-standard","has-post-thumbnail","hentry","category-nacional","tag-alcalde","tag-alcalde-de-santa-ana-oeste","tag-desarrollo-local","tag-desarrollo-municipal","tag-el-salvador","tag-identidad-cultural","tag-ingresos-municipales","tag-ingresos-propios","tag-jorge-castro","tag-municipalidades","tag-municipios-de-el-salvador-tags-santa-ana-oeste","tag-noticias-locales-2","tag-planta-de-agua-sao","tag-planta-embotelladora-sao","tag-reinventar-los-pueblos","tag-santa-ana-oeste"],"_links":{"self":[{"href":"https:\/\/elmetidosv.com\/index.php?rest_route=\/wp\/v2\/posts\/30097","targetHints":{"allow":["GET"]}}],"collection":[{"href":"https:\/\/elmetidosv.com\/index.php?rest_route=\/wp\/v2\/posts"}],"about":[{"href":"https:\/\/elmetidosv.com\/index.php?rest_route=\/wp\/v2\/types\/post"}],"author":[{"embeddable":true,"href":"https:\/\/elmetidosv.com\/index.php?rest_route=\/wp\/v2\/users\/2"}],"replies":[{"embeddable":true,"href":"https:\/\/elmetidosv.com\/index.php?rest_route=%2Fwp%2Fv2%2Fcomments&post=30097"}],"version-history":[{"count":1,"href":"https:\/\/elmetidosv.com\/index.php?rest_route=\/wp\/v2\/posts\/30097\/revisions"}],"predecessor-version":[{"id":30100,"href":"https:\/\/elmetidosv.com\/index.php?rest_route=\/wp\/v2\/posts\/30097\/revisions\/30100"}],"wp:featuredmedia":[{"embeddable":true,"href":"https:\/\/elmetidosv.com\/index.php?rest_route=\/wp\/v2\/media\/30098"}],"wp:attachment":[{"href":"https:\/\/elmetidosv.com\/index.php?rest_route=%2Fwp%2Fv2%2Fmedia&parent=30097"}],"wp:term":[{"taxonomy":"category","embeddable":true,"href":"https:\/\/elmetidosv.com\/index.php?rest_route=%2Fwp%2Fv2%2Fcategories&post=30097"},{"taxonomy":"post_tag","embeddable":true,"href":"https:\/\/elmetidosv.com\/index.php?rest_route=%2Fwp%2Fv2%2Ftags&post=30097"}],"curies":[{"name":"wp","href":"https:\/\/api.w.org\/{rel}","templated":true}]}}