{"id":30070,"date":"2026-07-20T10:39:46","date_gmt":"2026-07-20T16:39:46","guid":{"rendered":"https:\/\/elmetidosv.com\/?p=30070"},"modified":"2026-07-20T10:39:46","modified_gmt":"2026-07-20T16:39:46","slug":"condenan-a-126-pandilleros-de-cuscatlan-por-el-delito-de-agrupaciones-ilicitas","status":"publish","type":"post","link":"https:\/\/elmetidosv.com\/?p=30070","title":{"rendered":"CONDENAN A 126 PANDILLEROS DE CUSCATL\u00c1N POR EL DELITO DE AGRUPACIONES IL\u00cdCITAS"},"content":{"rendered":"\n<p><strong>SAN SALVADOR, El Salvador.<\/strong>\u2013 El <strong>Tribunal Segundo Contra el Crimen Organizado de San Salvador<\/strong>, juez cuatro, conden\u00f3 a <strong>126 integrantes de la Mara Salvatrucha (MS-13)<\/strong> por el delito de <strong>agrupaciones il\u00edcitas<\/strong>, en perjuicio de la paz p\u00fablica.<\/p>\n\n\n\n<p>De acuerdo con la resoluci\u00f3n judicial, <strong>69 pandilleros con el rango de homeboy<\/strong> fueron sentenciados a <strong>45 a\u00f1os de prisi\u00f3n<\/strong>. Asimismo, <strong>16 miembros con el rango de chequeo<\/strong> recibieron <strong>30 a\u00f1os de c\u00e1rcel<\/strong>.<\/p>\n\n\n\n<p>El fallo tambi\u00e9n impuso <strong>25 a\u00f1os de prisi\u00f3n<\/strong> a <strong>24 integrantes con el rango de paro<\/strong> y a <strong>17 colaboradores<\/strong> de la estructura criminal.<\/p>\n\n\n\n<p>Seg\u00fan la Fiscal\u00eda General de la Rep\u00fablica (FGR), los ahora condenados formaban parte de la <strong>clica Big Criminal Locos Salvatruchos<\/strong>, perteneciente al <strong>programa Cuscatl\u00e1n de la Mara Salvatrucha (MS-13)<\/strong>, organizaci\u00f3n que operaba en diferentes sectores del departamento de <strong>Cuscatl\u00e1n<\/strong>.<\/p>\n\n\n\n<p>Las autoridades se\u00f1alaron que <strong>todos los procesados fueron capturados en el marco del R\u00e9gimen de Excepci\u00f3n<\/strong>, como parte de las acciones orientadas a desarticular estructuras criminales y llevar a sus integrantes ante la justicia.<\/p>\n\n\n\n<p>Con esta sentencia, el sistema judicial contin\u00faa resolviendo procesos relacionados con organizaciones criminales investigadas por su presunta participaci\u00f3n en actividades il\u00edcitas en distintos puntos del pa\u00eds.<\/p>\n","protected":false},"excerpt":{"rendered":"<p>SAN SALVADOR, El Salvador.\u2013 El Tribunal Segundo Contra el Crimen Organizado de San Salvador, juez cuatro, conden\u00f3 a 126 integrantes<\/p>\n","protected":false},"author":2,"featured_media":30071,"comment_status":"closed","ping_status":"","sticky":false,"template":"","format":"standard","meta":{"colormag_page_container_layout":"default_layout","colormag_page_sidebar_layout":"default_layout","footnotes":""},"categories":[1],"tags":[429,12354,364,733,11383,363,965,90,10735,11422,1333,93,449],"class_list":["post-30070","post","type-post","status-publish","format-standard","has-post-thumbnail","hentry","category-nacional","tag-agrupaciones-ilicitas","tag-big-criminal-locos-salvatruchos","tag-condena","tag-cuscatlan","tag-el-salvador-tags-el-salvador-3","tag-fgr","tag-mara-salvatrucha","tag-ms-13","tag-noticias-judiciales-2","tag-pandilleros-condenados","tag-regimen-de-excepcion","tag-seguridad","tag-tribunal-contra-el-crimen-organizado"],"_links":{"self":[{"href":"https:\/\/elmetidosv.com\/index.php?rest_route=\/wp\/v2\/posts\/30070","targetHints":{"allow":["GET"]}}],"collection":[{"href":"https:\/\/elmetidosv.com\/index.php?rest_route=\/wp\/v2\/posts"}],"about":[{"href":"https:\/\/elmetidosv.com\/index.php?rest_route=\/wp\/v2\/types\/post"}],"author":[{"embeddable":true,"href":"https:\/\/elmetidosv.com\/index.php?rest_route=\/wp\/v2\/users\/2"}],"replies":[{"embeddable":true,"href":"https:\/\/elmetidosv.com\/index.php?rest_route=%2Fwp%2Fv2%2Fcomments&post=30070"}],"version-history":[{"count":1,"href":"https:\/\/elmetidosv.com\/index.php?rest_route=\/wp\/v2\/posts\/30070\/revisions"}],"predecessor-version":[{"id":30072,"href":"https:\/\/elmetidosv.com\/index.php?rest_route=\/wp\/v2\/posts\/30070\/revisions\/30072"}],"wp:featuredmedia":[{"embeddable":true,"href":"https:\/\/elmetidosv.com\/index.php?rest_route=\/wp\/v2\/media\/30071"}],"wp:attachment":[{"href":"https:\/\/elmetidosv.com\/index.php?rest_route=%2Fwp%2Fv2%2Fmedia&parent=30070"}],"wp:term":[{"taxonomy":"category","embeddable":true,"href":"https:\/\/elmetidosv.com\/index.php?rest_route=%2Fwp%2Fv2%2Fcategories&post=30070"},{"taxonomy":"post_tag","embeddable":true,"href":"https:\/\/elmetidosv.com\/index.php?rest_route=%2Fwp%2Fv2%2Ftags&post=30070"}],"curies":[{"name":"wp","href":"https:\/\/api.w.org\/{rel}","templated":true}]}}