{"id":30064,"date":"2026-07-20T10:11:18","date_gmt":"2026-07-20T16:11:18","guid":{"rendered":"https:\/\/elmetidosv.com\/?p=30064"},"modified":"2026-07-20T10:11:18","modified_gmt":"2026-07-20T16:11:18","slug":"detencion-provisional-para-seis-acusados-de-defraudar-mas-de-500000-a-empresa-distribuidora-de-bebidas","status":"publish","type":"post","link":"https:\/\/elmetidosv.com\/?p=30064","title":{"rendered":"DETENCI\u00d3N PROVISIONAL PARA SEIS ACUSADOS DE DEFRAUDAR M\u00c1S DE $500,000 A EMPRESA DISTRIBUIDORA DE BEBIDAS"},"content":{"rendered":"\n<p><strong>SAN SALVADOR, El Salvador.<\/strong>\u2013 El <strong>Juzgado Octavo de Paz de San Salvador<\/strong> orden\u00f3 instrucci\u00f3n formal con <strong>detenci\u00f3n provisional<\/strong> para seis personas procesadas por los presuntos delitos de <strong>fraude inform\u00e1tico<\/strong>, contemplado en la <strong>Ley Especial de Delitos Inform\u00e1ticos y Conexos<\/strong>, y <strong>agrupaciones il\u00edcitas<\/strong>, en perjuicio de una empresa distribuidora de bebidas y de la paz p\u00fablica.<\/p>\n\n\n\n<p>Los imputados fueron identificados como <strong>Jonathan Alexander A. E., C\u00e9sar Eulises E. R., H\u00e9ctor Medardo D. C., Evelyn Yesenia M. de D., Ver\u00f3nica Patricia A. y Mar\u00eda Ester C. A.<\/strong><\/p>\n\n\n\n<p>De acuerdo con el requerimiento fiscal, la investigaci\u00f3n comenz\u00f3 en <strong>noviembre de 2025<\/strong>, cuando la empresa present\u00f3 una denuncia tras detectar, mediante una auditor\u00eda interna, presuntas irregularidades en un programa de fidelizaci\u00f3n basado en el canje de puntos.<\/p>\n\n\n\n<p>La Fiscal\u00eda sostiene que uno de los procesados, quien laboraba como <strong>Trade Marketing Specialist<\/strong> y administraba operativamente dicha plataforma, habr\u00eda utilizado de forma indebida sus credenciales de acceso para realizar devoluciones manuales de puntos entre <strong>enero y julio de 2025<\/strong>.<\/p>\n\n\n\n<p>Seg\u00fan la investigaci\u00f3n, el imputado revert\u00eda los puntos correspondientes a pedidos que ya hab\u00edan sido entregados y liquidados, simulando incidencias para que determinados clientes recuperaran esos puntos y pudieran efectuar nuevos canjes de mercader\u00eda.<\/p>\n\n\n\n<p>Las auditor\u00edas internas identificaron <strong>1,772 asignaciones irregulares de puntos<\/strong>, las cuales, seg\u00fan la acusaci\u00f3n, beneficiaron a <strong>ocho establecimientos comerciales<\/strong> ubicados en el departamento de <strong>Santa Ana<\/strong>, vinculados con los dem\u00e1s imputados.<\/p>\n\n\n\n<p>El perjuicio econ\u00f3mico ocasionado a la empresa fue estimado en <strong>502,201.94 d\u00f3lares<\/strong>, cifra que incluye el valor de la mercader\u00eda entregada, as\u00ed como los costos de distribuci\u00f3n y log\u00edstica derivados de los presuntos canjes fraudulentos.<\/p>\n\n\n\n<p>Durante la audiencia inicial, la jueza concluy\u00f3 que exist\u00edan suficientes indicios sobre la existencia de los delitos y la probable participaci\u00f3n de los imputados, adem\u00e1s de considerar que persist\u00edan riesgos de fuga y de obstaculizaci\u00f3n de la investigaci\u00f3n, por lo que resolvi\u00f3 mantener la detenci\u00f3n provisional mientras el caso avanza a la etapa de instrucci\u00f3n.<\/p>\n","protected":false},"excerpt":{"rendered":"<p>SAN SALVADOR, El Salvador.\u2013 El Juzgado Octavo de Paz de San Salvador orden\u00f3 instrucci\u00f3n formal con detenci\u00f3n provisional para seis<\/p>\n","protected":false},"author":2,"featured_media":30065,"comment_status":"closed","ping_status":"","sticky":false,"template":"","format":"standard","meta":{"colormag_page_container_layout":"default_layout","colormag_page_sidebar_layout":"default_layout","footnotes":""},"categories":[1],"tags":[429,12347,664,347,11383,12346,12345,612,351,362,11995,2229,2186,12344,353,126,33],"class_list":["post-30064","post","type-post","status-publish","format-standard","has-post-thumbnail","hentry","category-nacional","tag-agrupaciones-ilicitas","tag-corrupcion-2","tag-delitos-informaticos","tag-detencion-provisional","tag-el-salvador-tags-el-salvador-3","tag-empresa-de-bebidas","tag-empresa-distribuidora-de-bebidas","tag-estafa","tag-fiscalia","tag-fiscalia-general-de-la-republica","tag-fraude-empresarial","tag-fraude-informatico","tag-juzgado-octavo-de-paz","tag-ley-de-delitos-informaticos","tag-noticias-judiciales","tag-san-salvador","tag-santa-ana"],"_links":{"self":[{"href":"https:\/\/elmetidosv.com\/index.php?rest_route=\/wp\/v2\/posts\/30064","targetHints":{"allow":["GET"]}}],"collection":[{"href":"https:\/\/elmetidosv.com\/index.php?rest_route=\/wp\/v2\/posts"}],"about":[{"href":"https:\/\/elmetidosv.com\/index.php?rest_route=\/wp\/v2\/types\/post"}],"author":[{"embeddable":true,"href":"https:\/\/elmetidosv.com\/index.php?rest_route=\/wp\/v2\/users\/2"}],"replies":[{"embeddable":true,"href":"https:\/\/elmetidosv.com\/index.php?rest_route=%2Fwp%2Fv2%2Fcomments&post=30064"}],"version-history":[{"count":1,"href":"https:\/\/elmetidosv.com\/index.php?rest_route=\/wp\/v2\/posts\/30064\/revisions"}],"predecessor-version":[{"id":30066,"href":"https:\/\/elmetidosv.com\/index.php?rest_route=\/wp\/v2\/posts\/30064\/revisions\/30066"}],"wp:featuredmedia":[{"embeddable":true,"href":"https:\/\/elmetidosv.com\/index.php?rest_route=\/wp\/v2\/media\/30065"}],"wp:attachment":[{"href":"https:\/\/elmetidosv.com\/index.php?rest_route=%2Fwp%2Fv2%2Fmedia&parent=30064"}],"wp:term":[{"taxonomy":"category","embeddable":true,"href":"https:\/\/elmetidosv.com\/index.php?rest_route=%2Fwp%2Fv2%2Fcategories&post=30064"},{"taxonomy":"post_tag","embeddable":true,"href":"https:\/\/elmetidosv.com\/index.php?rest_route=%2Fwp%2Fv2%2Ftags&post=30064"}],"curies":[{"name":"wp","href":"https:\/\/api.w.org\/{rel}","templated":true}]}}