{"id":30028,"date":"2026-07-18T12:23:39","date_gmt":"2026-07-18T18:23:39","guid":{"rendered":"https:\/\/elmetidosv.com\/?p=30028"},"modified":"2026-07-18T12:23:39","modified_gmt":"2026-07-18T18:23:39","slug":"capturaron-a-cuatro-presuntos-integrantes-de-estructura-dedicada-al-trafico-de-drogas-entre-san-salvador-y-chalatenango","status":"publish","type":"post","link":"https:\/\/elmetidosv.com\/?p=30028","title":{"rendered":"CAPTURARON A CUATRO PRESUNTOS INTEGRANTES DE ESTRUCTURA DEDICADA AL TR\u00c1FICO DE DROGAS ENTRE SAN SALVADOR Y CHALATENANGO"},"content":{"rendered":"\n<figure class=\"wp-block-image size-large\"><img loading=\"lazy\" decoding=\"async\" width=\"768\" height=\"1024\" src=\"https:\/\/elmetidosv.com\/wp-content\/uploads\/2026\/07\/chalate-2-768x1024.jpg\" alt=\"\" class=\"wp-image-30030\" srcset=\"https:\/\/elmetidosv.com\/wp-content\/uploads\/2026\/07\/chalate-2-768x1024.jpg 768w, https:\/\/elmetidosv.com\/wp-content\/uploads\/2026\/07\/chalate-2-225x300.jpg 225w, https:\/\/elmetidosv.com\/wp-content\/uploads\/2026\/07\/chalate-2-1152x1536.jpg 1152w, https:\/\/elmetidosv.com\/wp-content\/uploads\/2026\/07\/chalate-2.jpg 1200w\" sizes=\"auto, (max-width: 768px) 100vw, 768px\" \/><\/figure>\n\n\n\n<p>SAN SALVADOR, El Salvador.\u2013 La Polic\u00eda Nacional Civil (PNC) inform\u00f3 sobre la captura de cuatro personas se\u00f1aladas de integrar una presunta estructura dedicada al tr\u00e1fico il\u00edcito de drogas, que operaba entre los departamentos de San Salvador y Chalatenango.<\/p>\n\n\n\n<p>Los detenidos fueron identificados por las autoridades como:<\/p>\n\n\n\n<p>Gerardo Jos\u00e9 Cerrato Montes<br>Ra\u00fal Armando Arteaga Valdivieso<br>Diego Alexander Osorto Salazar<br>Juan Jos\u00e9 Hern\u00e1ndez<\/p>\n\n\n\n<p>De acuerdo con el reporte policial, durante el operativo fueron incautados 2,028 gramos de coca\u00edna, 6 gramos de marihuana, cinco tel\u00e9fonos celulares, dos veh\u00edculos y 700 d\u00f3lares en efectivo.<\/p>\n\n\n\n<p>La PNC indic\u00f3 que el valor comercial de la coca\u00edna decomisada supera los 50,000 d\u00f3lares.<\/p>\n\n\n\n<p>Las autoridades se\u00f1alaron que los capturados ser\u00e1n puestos a disposici\u00f3n de las instancias judiciales correspondientes para enfrentar el proceso penal que determine la ley.<\/p>\n\n\n\n<p>En un comunicado, la Polic\u00eda afirm\u00f3 que continuar\u00e1 desarrollando operativos para combatir las estructuras dedicadas al tr\u00e1fico de drogas y otros delitos relacionados con el crimen organizado.<\/p>\n\n\n\n<p>Las investigaciones contin\u00faan con el objetivo de establecer si existen m\u00e1s personas vinculadas a esta presunta estructura y determinar el alcance de sus operaciones.<\/p>\n\n\n\n<p>PUBLICIDAD <\/p>\n\n\n\n<figure class=\"wp-block-image size-large\"><img loading=\"lazy\" decoding=\"async\" width=\"1024\" height=\"1024\" src=\"https:\/\/elmetidosv.com\/wp-content\/uploads\/2026\/05\/logo-digital-1024x1024.jpg\" alt=\"\" class=\"wp-image-27532\" srcset=\"https:\/\/elmetidosv.com\/wp-content\/uploads\/2026\/05\/logo-digital-1024x1024.jpg 1024w, https:\/\/elmetidosv.com\/wp-content\/uploads\/2026\/05\/logo-digital-300x300.jpg 300w, https:\/\/elmetidosv.com\/wp-content\/uploads\/2026\/05\/logo-digital-150x150.jpg 150w, https:\/\/elmetidosv.com\/wp-content\/uploads\/2026\/05\/logo-digital-768x768.jpg 768w, https:\/\/elmetidosv.com\/wp-content\/uploads\/2026\/05\/logo-digital-1536x1536.jpg 1536w, https:\/\/elmetidosv.com\/wp-content\/uploads\/2026\/05\/logo-digital.jpg 1600w\" sizes=\"auto, (max-width: 1024px) 100vw, 1024px\" \/><\/figure>\n","protected":false},"excerpt":{"rendered":"<p>SAN SALVADOR, El Salvador.\u2013 La Polic\u00eda Nacional Civil (PNC) inform\u00f3 sobre la captura de cuatro personas se\u00f1aladas de integrar una<\/p>\n","protected":false},"author":2,"featured_media":30029,"comment_status":"closed","ping_status":"","sticky":false,"template":"","format":"standard","meta":{"colormag_page_container_layout":"default_layout","colormag_page_sidebar_layout":"default_layout","footnotes":""},"categories":[1],"tags":[168,12310,12308,251,1997,11089,4050,12309,31,3844,1307,594,10413,85,126,45,1303,1058],"class_list":["post-30028","post","type-post","status-publish","format-standard","has-post-thumbnail","hentry","category-nacional","tag-captura","tag-capturas-en-chalatenango","tag-capturas-en-san-salvador","tag-chalatenango","tag-cocaina","tag-cocaina-decomisada","tag-decomiso","tag-decomiso-de-droga-tags-el-salvador","tag-el-salvador","tag-estructura-criminal","tag-marihuana","tag-narcotrafico","tag-noticias-nacionales-2","tag-pnc","tag-san-salvador","tag-seguridad-publica","tag-trafico-de-drogas","tag-trafico-ilicito-de-drogas"],"_links":{"self":[{"href":"https:\/\/elmetidosv.com\/index.php?rest_route=\/wp\/v2\/posts\/30028","targetHints":{"allow":["GET"]}}],"collection":[{"href":"https:\/\/elmetidosv.com\/index.php?rest_route=\/wp\/v2\/posts"}],"about":[{"href":"https:\/\/elmetidosv.com\/index.php?rest_route=\/wp\/v2\/types\/post"}],"author":[{"embeddable":true,"href":"https:\/\/elmetidosv.com\/index.php?rest_route=\/wp\/v2\/users\/2"}],"replies":[{"embeddable":true,"href":"https:\/\/elmetidosv.com\/index.php?rest_route=%2Fwp%2Fv2%2Fcomments&post=30028"}],"version-history":[{"count":1,"href":"https:\/\/elmetidosv.com\/index.php?rest_route=\/wp\/v2\/posts\/30028\/revisions"}],"predecessor-version":[{"id":30031,"href":"https:\/\/elmetidosv.com\/index.php?rest_route=\/wp\/v2\/posts\/30028\/revisions\/30031"}],"wp:featuredmedia":[{"embeddable":true,"href":"https:\/\/elmetidosv.com\/index.php?rest_route=\/wp\/v2\/media\/30029"}],"wp:attachment":[{"href":"https:\/\/elmetidosv.com\/index.php?rest_route=%2Fwp%2Fv2%2Fmedia&parent=30028"}],"wp:term":[{"taxonomy":"category","embeddable":true,"href":"https:\/\/elmetidosv.com\/index.php?rest_route=%2Fwp%2Fv2%2Fcategories&post=30028"},{"taxonomy":"post_tag","embeddable":true,"href":"https:\/\/elmetidosv.com\/index.php?rest_route=%2Fwp%2Fv2%2Ftags&post=30028"}],"curies":[{"name":"wp","href":"https:\/\/api.w.org\/{rel}","templated":true}]}}