{"id":30019,"date":"2026-07-17T14:57:40","date_gmt":"2026-07-17T20:57:40","guid":{"rendered":"https:\/\/elmetidosv.com\/?p=30019"},"modified":"2026-07-17T14:57:40","modified_gmt":"2026-07-17T20:57:40","slug":"identifican-a-ciudadano-mexicano-que-murio-durante-incidente-relacionado-con-agentes-de-ice-en-florida","status":"publish","type":"post","link":"https:\/\/elmetidosv.com\/?p=30019","title":{"rendered":"IDENTIFICAN A CIUDADANO MEXICANO QUE MURI\u00d3 DURANTE INCIDENTE RELACIONADO CON AGENTES DE ICE EN FLORIDA"},"content":{"rendered":"\n<p><strong>ST. AUGUSTINE, Florida.<\/strong>\u2013 Las autoridades identificaron como <strong>Juan Jairo Coronilla Dur\u00e1n<\/strong>, de <strong>28 a\u00f1os<\/strong>, al ciudadano mexicano que falleci\u00f3 el pasado martes durante un incidente ocurrido en <strong>St. Augustine, Florida<\/strong>, mientras, seg\u00fan los reportes oficiales, hu\u00eda de agentes del <strong>Servicio de Inmigraci\u00f3n y Control de Aduanas (ICE)<\/strong>.<\/p>\n\n\n\n<p>Hasta el momento, las autoridades estadounidenses no han proporcionado informaci\u00f3n adicional sobre las circunstancias en las que ocurri\u00f3 el hecho y se\u00f1alaron que la investigaci\u00f3n contin\u00faa en desarrollo.<\/p>\n\n\n\n<p>De acuerdo con organizaciones que monitorean incidentes relacionados con operativos migratorios en Estados Unidos, este caso ser\u00eda el <strong>tercer fallecimiento registrado en menos de una semana<\/strong> en hechos que involucran a agentes federales de inmigraci\u00f3n.<\/p>\n\n\n\n<p>Las mismas organizaciones sostienen que, desde el inicio del actual mandato del presidente <strong>Donald Trump<\/strong>, el <strong>20 de enero de 2025<\/strong>, Juan Jairo Coronilla Dur\u00e1n ser\u00eda la <strong>persona n\u00famero 221<\/strong> que pierde la vida en incidentes relacionados con <strong>ICE<\/strong>, la <strong>Patrulla Fronteriza<\/strong> o acciones de control migratorio. Estas cifras corresponden a registros elaborados por dichas organizaciones y no constituyen un balance oficial del Gobierno de Estados Unidos.<\/p>\n\n\n\n<p>El caso ocurre despu\u00e9s de otros incidentes recientes en los que fallecieron el ciudadano mexicano <strong>Lorenzo Salgado<\/strong> y el inmigrante colombiano <strong>Johan Sebastian Dur\u00e1n Guerrero<\/strong>, situaciones que tambi\u00e9n permanecen bajo investigaci\u00f3n y han generado atenci\u00f3n p\u00fablica sobre los procedimientos empleados durante operativos migratorios.<\/p>\n\n\n\n<p>Las autoridades federales no han emitido nuevos comentarios sobre este caso mientras avanzan las diligencias para esclarecer lo sucedido.<\/p>\n","protected":false},"excerpt":{"rendered":"<p>ST. AUGUSTINE, Florida.\u2013 Las autoridades identificaron como Juan Jairo Coronilla Dur\u00e1n, de 28 a\u00f1os, al ciudadano mexicano que falleci\u00f3 el<\/p>\n","protected":false},"author":2,"featured_media":30020,"comment_status":"closed","ping_status":"","sticky":false,"template":"","format":"standard","meta":{"colormag_page_container_layout":"default_layout","colormag_page_sidebar_layout":"default_layout","footnotes":""},"categories":[8383],"tags":[2806,47,19,11904,3621,14,12296,1228,11903,4871,12295,162,2215,29,2286,12297],"class_list":["post-30019","post","type-post","status-publish","format-standard","has-post-thumbnail","hentry","category-inmigracion","tag-control-migratorio","tag-donald-trump","tag-estados-unidos","tag-estados-unidos-tags-ice-2","tag-florida","tag-ice","tag-incidente-migratorio","tag-inmigracion","tag-inmigrante-mexicano","tag-investigacion-3","tag-juan-jairo-coronilla-duran","tag-mexico","tag-migrantes","tag-noticias-internacionales","tag-patrulla-fronteriza","tag-st-augustine"],"_links":{"self":[{"href":"https:\/\/elmetidosv.com\/index.php?rest_route=\/wp\/v2\/posts\/30019","targetHints":{"allow":["GET"]}}],"collection":[{"href":"https:\/\/elmetidosv.com\/index.php?rest_route=\/wp\/v2\/posts"}],"about":[{"href":"https:\/\/elmetidosv.com\/index.php?rest_route=\/wp\/v2\/types\/post"}],"author":[{"embeddable":true,"href":"https:\/\/elmetidosv.com\/index.php?rest_route=\/wp\/v2\/users\/2"}],"replies":[{"embeddable":true,"href":"https:\/\/elmetidosv.com\/index.php?rest_route=%2Fwp%2Fv2%2Fcomments&post=30019"}],"version-history":[{"count":1,"href":"https:\/\/elmetidosv.com\/index.php?rest_route=\/wp\/v2\/posts\/30019\/revisions"}],"predecessor-version":[{"id":30021,"href":"https:\/\/elmetidosv.com\/index.php?rest_route=\/wp\/v2\/posts\/30019\/revisions\/30021"}],"wp:featuredmedia":[{"embeddable":true,"href":"https:\/\/elmetidosv.com\/index.php?rest_route=\/wp\/v2\/media\/30020"}],"wp:attachment":[{"href":"https:\/\/elmetidosv.com\/index.php?rest_route=%2Fwp%2Fv2%2Fmedia&parent=30019"}],"wp:term":[{"taxonomy":"category","embeddable":true,"href":"https:\/\/elmetidosv.com\/index.php?rest_route=%2Fwp%2Fv2%2Fcategories&post=30019"},{"taxonomy":"post_tag","embeddable":true,"href":"https:\/\/elmetidosv.com\/index.php?rest_route=%2Fwp%2Fv2%2Ftags&post=30019"}],"curies":[{"name":"wp","href":"https:\/\/api.w.org\/{rel}","templated":true}]}}