{"id":30009,"date":"2026-07-17T14:30:01","date_gmt":"2026-07-17T20:30:01","guid":{"rendered":"https:\/\/elmetidosv.com\/?p=30009"},"modified":"2026-07-17T14:30:01","modified_gmt":"2026-07-17T20:30:01","slug":"capturaron-al-presunto-responsable-de-homicidio-ocurrido-en-san-dionisio-usulutan-este","status":"publish","type":"post","link":"https:\/\/elmetidosv.com\/?p=30009","title":{"rendered":"CAPTURARON AL PRESUNTO RESPONSABLE DE HOMICIDIO OCURRIDO EN SAN DIONISIO, USULUT\u00c1N ESTE"},"content":{"rendered":"\n<figure class=\"wp-block-gallery has-nested-images columns-default is-cropped wp-block-gallery-1 is-layout-flex wp-block-gallery-is-layout-flex\">\n<figure class=\"wp-block-image size-large\"><img loading=\"lazy\" decoding=\"async\" width=\"1024\" height=\"576\" data-id=\"30011\" src=\"https:\/\/elmetidosv.com\/wp-content\/uploads\/2026\/07\/MARERO-1-1024x576.jpg\" alt=\"\" class=\"wp-image-30011\" srcset=\"https:\/\/elmetidosv.com\/wp-content\/uploads\/2026\/07\/MARERO-1-1024x576.jpg 1024w, https:\/\/elmetidosv.com\/wp-content\/uploads\/2026\/07\/MARERO-1-300x169.jpg 300w, https:\/\/elmetidosv.com\/wp-content\/uploads\/2026\/07\/MARERO-1-768x432.jpg 768w, https:\/\/elmetidosv.com\/wp-content\/uploads\/2026\/07\/MARERO-1.jpg 1280w\" sizes=\"auto, (max-width: 1024px) 100vw, 1024px\" \/><\/figure>\n<\/figure>\n\n\n\n<p><strong>USULUT\u00c1N ESTE, El Salvador.<\/strong>\u2013 La <strong>Polic\u00eda Nacional Civil (PNC)<\/strong>, con apoyo de unidades especializadas, captur\u00f3 a <strong>Pedro Antonio Quinteros<\/strong>, conocido con el alias de <strong>\u00abPeric\u00f3n\u00bb<\/strong>, quien es se\u00f1alado por las autoridades como presunto responsable del homicidio de <strong>Carlos Mario Ram\u00edrez<\/strong>, alias <strong>\u00abWiza\u00bb<\/strong>, ocurrido el pasado <strong>13 de julio<\/strong> en el distrito de <strong>San Dionisio<\/strong>, municipio de <strong>Usulut\u00e1n Este<\/strong>.<\/p>\n\n\n\n<p>De acuerdo con la informaci\u00f3n oficial, Quinteros es perfilado por las autoridades como integrante de la <strong>clica Vatos Locos Salvatruchos<\/strong> de la <strong>MS-13<\/strong> y es investigado por su presunta participaci\u00f3n en el crimen de Ram\u00edrez, quien tambi\u00e9n habr\u00eda pertenecido a esa estructura criminal.<\/p>\n\n\n\n<p>El ministro de Justicia y Seguridad P\u00fablica, <strong>Gustavo Villatoro<\/strong>, inform\u00f3 que el detenido habr\u00eda intentado ocultarse para evitar su captura y afirm\u00f3 que dicha estructura delictiva opera en la <strong>Isla San Sebasti\u00e1n<\/strong>, en el departamento de Usulut\u00e1n.<\/p>\n\n\n\n<p>Tras su captura, el imputado ser\u00e1 puesto a disposici\u00f3n de las autoridades competentes para enfrentar el proceso judicial correspondiente, en el que se determinar\u00e1 su responsabilidad conforme a la ley.<\/p>\n\n\n\n<p>Las investigaciones sobre el caso contin\u00faan a cargo de la Polic\u00eda Nacional Civil y la Fiscal\u00eda General de la Rep\u00fablica.<\/p>\n\n\n\n<figure class=\"wp-block-gallery has-nested-images columns-default is-cropped wp-block-gallery-2 is-layout-flex wp-block-gallery-is-layout-flex\">\n<figure class=\"wp-block-image size-large\"><img loading=\"lazy\" decoding=\"async\" width=\"1024\" height=\"576\" data-id=\"30012\" src=\"https:\/\/elmetidosv.com\/wp-content\/uploads\/2026\/07\/MARERO-3-1024x576.jpg\" alt=\"\" class=\"wp-image-30012\" srcset=\"https:\/\/elmetidosv.com\/wp-content\/uploads\/2026\/07\/MARERO-3-1024x576.jpg 1024w, https:\/\/elmetidosv.com\/wp-content\/uploads\/2026\/07\/MARERO-3-300x169.jpg 300w, https:\/\/elmetidosv.com\/wp-content\/uploads\/2026\/07\/MARERO-3-768x432.jpg 768w, https:\/\/elmetidosv.com\/wp-content\/uploads\/2026\/07\/MARERO-3-1536x864.jpg 1536w, https:\/\/elmetidosv.com\/wp-content\/uploads\/2026\/07\/MARERO-3.jpg 1600w\" sizes=\"auto, (max-width: 1024px) 100vw, 1024px\" \/><\/figure>\n<\/figure>\n","protected":false},"excerpt":{"rendered":"<p>USULUT\u00c1N ESTE, El Salvador.\u2013 La Polic\u00eda Nacional Civil (PNC), con apoyo de unidades especializadas, captur\u00f3 a Pedro Antonio Quinteros, conocido<\/p>\n","protected":false},"author":2,"featured_media":30010,"comment_status":"closed","ping_status":"","sticky":false,"template":"","format":"standard","meta":{"colormag_page_container_layout":"default_layout","colormag_page_sidebar_layout":"default_layout","footnotes":""},"categories":[1],"tags":[12281,168,12282,11383,362,1475,675,90,10413,12283,85,4244,45,99,12280],"class_list":["post-30009","post","type-post","status-publish","format-standard","has-post-thumbnail","hentry","category-nacional","tag-alias-pericon","tag-captura","tag-captura-en-usulutan","tag-el-salvador-tags-el-salvador-3","tag-fiscalia-general-de-la-republica","tag-gustavo-villatoro","tag-homicidio","tag-ms-13","tag-noticias-nacionales-2","tag-pedro-antonio-quinteros","tag-pnc","tag-san-dionisio","tag-seguridad-publica","tag-usulutan","tag-vatos-locos-salvatruchos"],"_links":{"self":[{"href":"https:\/\/elmetidosv.com\/index.php?rest_route=\/wp\/v2\/posts\/30009","targetHints":{"allow":["GET"]}}],"collection":[{"href":"https:\/\/elmetidosv.com\/index.php?rest_route=\/wp\/v2\/posts"}],"about":[{"href":"https:\/\/elmetidosv.com\/index.php?rest_route=\/wp\/v2\/types\/post"}],"author":[{"embeddable":true,"href":"https:\/\/elmetidosv.com\/index.php?rest_route=\/wp\/v2\/users\/2"}],"replies":[{"embeddable":true,"href":"https:\/\/elmetidosv.com\/index.php?rest_route=%2Fwp%2Fv2%2Fcomments&post=30009"}],"version-history":[{"count":1,"href":"https:\/\/elmetidosv.com\/index.php?rest_route=\/wp\/v2\/posts\/30009\/revisions"}],"predecessor-version":[{"id":30013,"href":"https:\/\/elmetidosv.com\/index.php?rest_route=\/wp\/v2\/posts\/30009\/revisions\/30013"}],"wp:featuredmedia":[{"embeddable":true,"href":"https:\/\/elmetidosv.com\/index.php?rest_route=\/wp\/v2\/media\/30010"}],"wp:attachment":[{"href":"https:\/\/elmetidosv.com\/index.php?rest_route=%2Fwp%2Fv2%2Fmedia&parent=30009"}],"wp:term":[{"taxonomy":"category","embeddable":true,"href":"https:\/\/elmetidosv.com\/index.php?rest_route=%2Fwp%2Fv2%2Fcategories&post=30009"},{"taxonomy":"post_tag","embeddable":true,"href":"https:\/\/elmetidosv.com\/index.php?rest_route=%2Fwp%2Fv2%2Ftags&post=30009"}],"curies":[{"name":"wp","href":"https:\/\/api.w.org\/{rel}","templated":true}]}}