{"id":29984,"date":"2026-07-17T10:45:44","date_gmt":"2026-07-17T16:45:44","guid":{"rendered":"https:\/\/elmetidosv.com\/?p=29984"},"modified":"2026-07-17T10:45:44","modified_gmt":"2026-07-17T16:45:44","slug":"rescatan-a-persona-atrapada-tras-accidente-de-transito-en-el-kilometro-78-de-la-carretera-panamericana","status":"publish","type":"post","link":"https:\/\/elmetidosv.com\/?p=29984","title":{"rendered":"RESCATAN A PERSONA ATRAPADA TRAS ACCIDENTE DE TR\u00c1NSITO EN EL KILOMETRO 78 DE LA CARRETERA PANAMERICANA"},"content":{"rendered":"\n<p><strong>EL SALVADOR.<\/strong>\u2013 Equipos del <strong>Equipo T\u00e1ctico Operativo de Protecci\u00f3n Civil<\/strong> y del <strong>Cuerpo de Bomberos de El Salvador<\/strong> rescataron a una persona que qued\u00f3 atrapada dentro de un veh\u00edculo tras un accidente de tr\u00e1nsito registrado en el <strong>kil\u00f3metro 78 de la carretera Panamericana<\/strong>.<\/p>\n\n\n\n<p>De acuerdo con la informaci\u00f3n proporcionada por las autoridades, los rescatistas utilizaron equipo especializado para liberar a la v\u00edctima, quien permanec\u00eda atrapada en el automotor debido a los da\u00f1os ocasionados por el percance.<\/p>\n\n\n\n<p>Durante la atenci\u00f3n de la emergencia, otras <strong>dos personas fueron trasladadas a un centro asistencial<\/strong> por instituciones que integran el <strong>Sistema Nacional de Protecci\u00f3n Civil<\/strong>, donde recibieron atenci\u00f3n m\u00e9dica.<\/p>\n\n\n\n<p>Hasta el momento, las autoridades no han informado sobre el estado de salud de los lesionados ni sobre las causas que originaron el accidente.<\/p>\n\n\n\n<p>Las instituciones de primera respuesta reiteraron el llamado a los conductores para respetar los l\u00edmites de velocidad, mantener la distancia de seguridad y conducir con responsabilidad, a fin de reducir el riesgo de accidentes en las carreteras del pa\u00eds.<\/p>\n\n\n\n<p>Las investigaciones sobre las circunstancias del percance contin\u00faan a cargo de las autoridades competentes.<\/p>\n\n\n\n<p>PUBLICIDAD <\/p>\n\n\n\n<figure class=\"wp-block-gallery has-nested-images columns-default is-cropped wp-block-gallery-1 is-layout-flex wp-block-gallery-is-layout-flex\">\n<figure class=\"wp-block-image size-large\"><img loading=\"lazy\" decoding=\"async\" width=\"957\" height=\"960\" data-id=\"27126\" src=\"https:\/\/elmetidosv.com\/wp-content\/uploads\/2026\/05\/2D-AZUCAR.jpg\" alt=\"\" class=\"wp-image-27126\" srcset=\"https:\/\/elmetidosv.com\/wp-content\/uploads\/2026\/05\/2D-AZUCAR.jpg 957w, https:\/\/elmetidosv.com\/wp-content\/uploads\/2026\/05\/2D-AZUCAR-300x300.jpg 300w, https:\/\/elmetidosv.com\/wp-content\/uploads\/2026\/05\/2D-AZUCAR-150x150.jpg 150w, https:\/\/elmetidosv.com\/wp-content\/uploads\/2026\/05\/2D-AZUCAR-768x770.jpg 768w\" sizes=\"auto, (max-width: 957px) 100vw, 957px\" \/><\/figure>\n<\/figure>\n","protected":false},"excerpt":{"rendered":"<p>EL SALVADOR.\u2013 Equipos del Equipo T\u00e1ctico Operativo de Protecci\u00f3n Civil y del Cuerpo de Bomberos de El Salvador rescataron a<\/p>\n","protected":false},"author":2,"featured_media":29985,"comment_status":"closed","ping_status":"","sticky":false,"template":"","format":"standard","meta":{"colormag_page_container_layout":"default_layout","colormag_page_sidebar_layout":"default_layout","footnotes":""},"categories":[1],"tags":[110,1419,111,11833,330,833,860,5070,145,66,382,1739,122,12250],"class_list":["post-29984","post","type-post","status-publish","format-standard","has-post-thumbnail","hentry","category-nacional","tag-accidente-de-transito","tag-bomberos-de-el-salvador","tag-carretera-panamericana","tag-el-salvador-tags-accidente-de-transito","tag-emergencia","tag-emergencia-vial","tag-lesionados","tag-noticias-el-salvador-2","tag-personas-lesionadas","tag-proteccion-civil","tag-rescate","tag-rescate-vehicular","tag-seguridad-vial","tag-sistema-nacional"],"_links":{"self":[{"href":"https:\/\/elmetidosv.com\/index.php?rest_route=\/wp\/v2\/posts\/29984","targetHints":{"allow":["GET"]}}],"collection":[{"href":"https:\/\/elmetidosv.com\/index.php?rest_route=\/wp\/v2\/posts"}],"about":[{"href":"https:\/\/elmetidosv.com\/index.php?rest_route=\/wp\/v2\/types\/post"}],"author":[{"embeddable":true,"href":"https:\/\/elmetidosv.com\/index.php?rest_route=\/wp\/v2\/users\/2"}],"replies":[{"embeddable":true,"href":"https:\/\/elmetidosv.com\/index.php?rest_route=%2Fwp%2Fv2%2Fcomments&post=29984"}],"version-history":[{"count":1,"href":"https:\/\/elmetidosv.com\/index.php?rest_route=\/wp\/v2\/posts\/29984\/revisions"}],"predecessor-version":[{"id":29986,"href":"https:\/\/elmetidosv.com\/index.php?rest_route=\/wp\/v2\/posts\/29984\/revisions\/29986"}],"wp:featuredmedia":[{"embeddable":true,"href":"https:\/\/elmetidosv.com\/index.php?rest_route=\/wp\/v2\/media\/29985"}],"wp:attachment":[{"href":"https:\/\/elmetidosv.com\/index.php?rest_route=%2Fwp%2Fv2%2Fmedia&parent=29984"}],"wp:term":[{"taxonomy":"category","embeddable":true,"href":"https:\/\/elmetidosv.com\/index.php?rest_route=%2Fwp%2Fv2%2Fcategories&post=29984"},{"taxonomy":"post_tag","embeddable":true,"href":"https:\/\/elmetidosv.com\/index.php?rest_route=%2Fwp%2Fv2%2Ftags&post=29984"}],"curies":[{"name":"wp","href":"https:\/\/api.w.org\/{rel}","templated":true}]}}