{"id":29979,"date":"2026-07-17T10:35:09","date_gmt":"2026-07-17T16:35:09","guid":{"rendered":"https:\/\/elmetidosv.com\/?p=29979"},"modified":"2026-07-17T10:35:09","modified_gmt":"2026-07-17T16:35:09","slug":"terremotos-en-venezuela-dejan-4930-fallecidos-segun-el-mas-reciente-balance-oficial","status":"publish","type":"post","link":"https:\/\/elmetidosv.com\/?p=29979","title":{"rendered":"TERREMOTOS EN VENEZUELA DEJAN 4,930 FALLECIDOS, SEG\u00daN EL M\u00c1S RECIENTE BALANCE OFICIAL"},"content":{"rendered":"\n<figure class=\"wp-block-gallery has-nested-images columns-default is-cropped wp-block-gallery-1 is-layout-flex wp-block-gallery-is-layout-flex\">\n<figure class=\"wp-block-image size-large\"><img loading=\"lazy\" decoding=\"async\" width=\"721\" height=\"802\" data-id=\"29981\" src=\"https:\/\/elmetidosv.com\/wp-content\/uploads\/2026\/07\/vene-1-7.jpg\" alt=\"\" class=\"wp-image-29981\" srcset=\"https:\/\/elmetidosv.com\/wp-content\/uploads\/2026\/07\/vene-1-7.jpg 721w, https:\/\/elmetidosv.com\/wp-content\/uploads\/2026\/07\/vene-1-7-270x300.jpg 270w\" sizes=\"auto, (max-width: 721px) 100vw, 721px\" \/><\/figure>\n<\/figure>\n\n\n\n<p><strong>CARACAS, Venezuela.<\/strong>\u2013 Las autoridades venezolanas actualizaron este viernes el balance oficial de v\u00edctimas de los terremotos de magnitudes <strong>7.2 y 7.5<\/strong> registrados el pasado <strong>24 de junio<\/strong>, informando que la cifra de fallecidos asciende a <strong>4,930<\/strong>.<\/p>\n\n\n\n<p>Los equipos de emergencia contin\u00faan desarrollando labores de b\u00fasqueda, rescate y remoci\u00f3n de escombros en las zonas m\u00e1s afectadas por el desastre, mientras las autoridades advierten que el n\u00famero de v\u00edctimas podr\u00eda aumentar conforme avancen las operaciones y se complete la evaluaci\u00f3n de los da\u00f1os.<\/p>\n\n\n\n<p>De acuerdo con el informe oficial, el estado de <strong>La Guaira<\/strong> sigue siendo una de las regiones con mayor afectaci\u00f3n, concentrando una parte importante de las personas fallecidas como consecuencia de los fuertes movimientos tel\u00faricos.<\/p>\n\n\n\n<p>Paralelamente, organismos de socorro y equipos especializados mantienen la atenci\u00f3n a las comunidades afectadas, as\u00ed como la distribuci\u00f3n de ayuda humanitaria y la evaluaci\u00f3n de infraestructura da\u00f1ada en distintas localidades del pa\u00eds.<\/p>\n\n\n\n<p>Las autoridades venezolanas indicaron que continuar\u00e1n proporcionando actualizaciones oficiales sobre la evoluci\u00f3n de la emergencia y reiteraron el llamado a la poblaci\u00f3n a mantenerse informada a trav\u00e9s de los canales institucionales.<\/p>\n\n\n\n<figure class=\"wp-block-gallery has-nested-images columns-default is-cropped wp-block-gallery-2 is-layout-flex wp-block-gallery-is-layout-flex\">\n<figure class=\"wp-block-image size-large\"><img loading=\"lazy\" decoding=\"async\" width=\"717\" height=\"815\" data-id=\"29982\" src=\"https:\/\/elmetidosv.com\/wp-content\/uploads\/2026\/07\/vene-3-3.jpg\" alt=\"\" class=\"wp-image-29982\" srcset=\"https:\/\/elmetidosv.com\/wp-content\/uploads\/2026\/07\/vene-3-3.jpg 717w, https:\/\/elmetidosv.com\/wp-content\/uploads\/2026\/07\/vene-3-3-264x300.jpg 264w\" sizes=\"auto, (max-width: 717px) 100vw, 717px\" \/><\/figure>\n<\/figure>\n","protected":false},"excerpt":{"rendered":"<p>CARACAS, Venezuela.\u2013 Las autoridades venezolanas actualizaron este viernes el balance oficial de v\u00edctimas de los terremotos de magnitudes 7.2 y<\/p>\n","protected":false},"author":2,"featured_media":29980,"comment_status":"closed","ping_status":"","sticky":false,"template":"","format":"standard","meta":{"colormag_page_container_layout":"default_layout","colormag_page_sidebar_layout":"default_layout","footnotes":""},"categories":[3],"tags":[12249,2276,11503,769,3032,12247,330,1031,12248,11451,29,66,382,6219,11440,7534,12246,11484],"class_list":["post-29979","post","type-post","status-publish","format-standard","has-post-thumbnail","hentry","category-internacional","tag-america-latina-2","tag-ayuda-humanitaria","tag-balance-oficial","tag-busqueda-y-rescate","tag-desastre-natural","tag-desastre-natural-venezuela","tag-emergencia","tag-fallecidos","tag-fallecidos-terremoto","tag-la-guaira","tag-noticias-internacionales","tag-proteccion-civil","tag-rescate","tag-sismo","tag-sismo-venezuela","tag-terremoto","tag-terremoto-24-de-junio-tags-venezuela","tag-terremotos-en-venezuela"],"_links":{"self":[{"href":"https:\/\/elmetidosv.com\/index.php?rest_route=\/wp\/v2\/posts\/29979","targetHints":{"allow":["GET"]}}],"collection":[{"href":"https:\/\/elmetidosv.com\/index.php?rest_route=\/wp\/v2\/posts"}],"about":[{"href":"https:\/\/elmetidosv.com\/index.php?rest_route=\/wp\/v2\/types\/post"}],"author":[{"embeddable":true,"href":"https:\/\/elmetidosv.com\/index.php?rest_route=\/wp\/v2\/users\/2"}],"replies":[{"embeddable":true,"href":"https:\/\/elmetidosv.com\/index.php?rest_route=%2Fwp%2Fv2%2Fcomments&post=29979"}],"version-history":[{"count":1,"href":"https:\/\/elmetidosv.com\/index.php?rest_route=\/wp\/v2\/posts\/29979\/revisions"}],"predecessor-version":[{"id":29983,"href":"https:\/\/elmetidosv.com\/index.php?rest_route=\/wp\/v2\/posts\/29979\/revisions\/29983"}],"wp:featuredmedia":[{"embeddable":true,"href":"https:\/\/elmetidosv.com\/index.php?rest_route=\/wp\/v2\/media\/29980"}],"wp:attachment":[{"href":"https:\/\/elmetidosv.com\/index.php?rest_route=%2Fwp%2Fv2%2Fmedia&parent=29979"}],"wp:term":[{"taxonomy":"category","embeddable":true,"href":"https:\/\/elmetidosv.com\/index.php?rest_route=%2Fwp%2Fv2%2Fcategories&post=29979"},{"taxonomy":"post_tag","embeddable":true,"href":"https:\/\/elmetidosv.com\/index.php?rest_route=%2Fwp%2Fv2%2Ftags&post=29979"}],"curies":[{"name":"wp","href":"https:\/\/api.w.org\/{rel}","templated":true}]}}