{"id":29966,"date":"2026-07-17T09:11:15","date_gmt":"2026-07-17T15:11:15","guid":{"rendered":"https:\/\/elmetidosv.com\/?p=29966"},"modified":"2026-07-17T09:11:15","modified_gmt":"2026-07-17T15:11:15","slug":"mujer-fallece-y-dos-hombres-son-rescatados-con-vida-tras-accidente-en-la-carretera-panamericana","status":"publish","type":"post","link":"https:\/\/elmetidosv.com\/?p=29966","title":{"rendered":"MUJER FALLECE Y DOS HOMBRES SON RESCATADOS CON VIDA TRAS ACCIDENTE EN LA CARRETERA PANAMERICANA"},"content":{"rendered":"\n<figure class=\"wp-block-gallery has-nested-images columns-default is-cropped wp-block-gallery-1 is-layout-flex wp-block-gallery-is-layout-flex\">\n<figure class=\"wp-block-image size-large\"><img loading=\"lazy\" decoding=\"async\" width=\"1024\" height=\"683\" data-id=\"29968\" src=\"https:\/\/elmetidosv.com\/wp-content\/uploads\/2026\/07\/acci-2-1024x683.jpg\" alt=\"\" class=\"wp-image-29968\" srcset=\"https:\/\/elmetidosv.com\/wp-content\/uploads\/2026\/07\/acci-2-1024x683.jpg 1024w, https:\/\/elmetidosv.com\/wp-content\/uploads\/2026\/07\/acci-2-300x200.jpg 300w, https:\/\/elmetidosv.com\/wp-content\/uploads\/2026\/07\/acci-2-768x512.jpg 768w, https:\/\/elmetidosv.com\/wp-content\/uploads\/2026\/07\/acci-2-1536x1024.jpg 1536w, https:\/\/elmetidosv.com\/wp-content\/uploads\/2026\/07\/acci-2.jpg 1620w\" sizes=\"auto, (max-width: 1024px) 100vw, 1024px\" \/><\/figure>\n<\/figure>\n\n\n\n<p><strong>COJUTEPEQUE, El Salvador.<\/strong>\u2013 Una mujer falleci\u00f3 y dos hombres resultaron lesionados durante un accidente de tr\u00e1nsito registrado la madrugada de este jueves sobre el <strong>kil\u00f3metro 34 de la carretera Panamericana<\/strong>, a la altura del desv\u00edo de <strong>Monte San Juan<\/strong>, en el distrito de Cojutepeque.<\/p>\n\n\n\n<p>De acuerdo con informaci\u00f3n del <strong>Cuerpo de Bomberos de El Salvador<\/strong>, los equipos de emergencia acudieron al lugar tras recibir el reporte del percance.<\/p>\n\n\n\n<p>Los bomberos utilizaron <strong>equipo hidr\u00e1ulico de rescate<\/strong> para liberar con vida a dos hombres que hab\u00edan quedado atrapados en la cabina del veh\u00edculo involucrado.<\/p>\n\n\n\n<p>Posteriormente, personal del <strong>Sistema de Emergencias M\u00e9dicas (SEM)<\/strong> brind\u00f3 atenci\u00f3n prehospitalaria a los sobrevivientes y los traslad\u00f3 a un centro asistencial para recibir tratamiento m\u00e9dico.<\/p>\n\n\n\n<figure class=\"wp-block-gallery has-nested-images columns-default is-cropped wp-block-gallery-2 is-layout-flex wp-block-gallery-is-layout-flex\">\n<figure class=\"wp-block-image size-large\"><img loading=\"lazy\" decoding=\"async\" width=\"1024\" height=\"683\" data-id=\"29969\" src=\"https:\/\/elmetidosv.com\/wp-content\/uploads\/2026\/07\/acci-3-1024x683.jpg\" alt=\"\" class=\"wp-image-29969\" srcset=\"https:\/\/elmetidosv.com\/wp-content\/uploads\/2026\/07\/acci-3-1024x683.jpg 1024w, https:\/\/elmetidosv.com\/wp-content\/uploads\/2026\/07\/acci-3-300x200.jpg 300w, https:\/\/elmetidosv.com\/wp-content\/uploads\/2026\/07\/acci-3-768x512.jpg 768w, https:\/\/elmetidosv.com\/wp-content\/uploads\/2026\/07\/acci-3-1536x1024.jpg 1536w, https:\/\/elmetidosv.com\/wp-content\/uploads\/2026\/07\/acci-3.jpg 1620w\" sizes=\"auto, (max-width: 1024px) 100vw, 1024px\" \/><\/figure>\n<\/figure>\n\n\n\n<p>Las autoridades informaron que, lamentablemente, una mujer perdi\u00f3 la vida en el lugar del accidente.<\/p>\n\n\n\n<p>Hasta el momento, no se han dado a conocer las identidades de las personas involucradas ni las causas que originaron el percance. Las autoridades competentes realizan las investigaciones correspondientes para establecer c\u00f3mo ocurri\u00f3 el accidente.<\/p>\n\n\n\n<p>Las instituciones de socorro reiteraron el llamado a los conductores para respetar las normas de tr\u00e1nsito, mantener una velocidad adecuada y conducir con precauci\u00f3n, especialmente durante la madrugada, cuando las condiciones de visibilidad pueden verse reducidas.<\/p>\n\n\n\n<p>PUBLICIDAD <\/p>\n\n\n\n<figure class=\"wp-block-gallery has-nested-images columns-default is-cropped wp-block-gallery-3 is-layout-flex wp-block-gallery-is-layout-flex\">\n<figure class=\"wp-block-image size-large\"><img loading=\"lazy\" decoding=\"async\" width=\"1024\" height=\"1024\" data-id=\"27532\" src=\"https:\/\/elmetidosv.com\/wp-content\/uploads\/2026\/05\/logo-digital-1024x1024.jpg\" alt=\"\" class=\"wp-image-27532\" srcset=\"https:\/\/elmetidosv.com\/wp-content\/uploads\/2026\/05\/logo-digital-1024x1024.jpg 1024w, https:\/\/elmetidosv.com\/wp-content\/uploads\/2026\/05\/logo-digital-300x300.jpg 300w, https:\/\/elmetidosv.com\/wp-content\/uploads\/2026\/05\/logo-digital-150x150.jpg 150w, https:\/\/elmetidosv.com\/wp-content\/uploads\/2026\/05\/logo-digital-768x768.jpg 768w, https:\/\/elmetidosv.com\/wp-content\/uploads\/2026\/05\/logo-digital-1536x1536.jpg 1536w, https:\/\/elmetidosv.com\/wp-content\/uploads\/2026\/05\/logo-digital.jpg 1600w\" sizes=\"auto, (max-width: 1024px) 100vw, 1024px\" \/><\/figure>\n<\/figure>\n","protected":false},"excerpt":{"rendered":"<p>COJUTEPEQUE, El Salvador.\u2013 Una mujer falleci\u00f3 y dos hombres resultaron lesionados durante un accidente de tr\u00e1nsito registrado la madrugada de<\/p>\n","protected":false},"author":2,"featured_media":29967,"comment_status":"closed","ping_status":"","sticky":false,"template":"","format":"standard","meta":{"colormag_page_container_layout":"default_layout","colormag_page_sidebar_layout":"default_layout","footnotes":""},"categories":[1],"tags":[110,139,1419,111,729,733,12229,121,7785,5070,1739,825],"class_list":["post-29966","post","type-post","status-publish","format-standard","has-post-thumbnail","hentry","category-nacional","tag-accidente-de-transito","tag-accidente-vial","tag-bomberos-de-el-salvador","tag-carretera-panamericana","tag-cojutepeque","tag-cuscatlan","tag-cuscatlan-tags-accidente-de-transito","tag-emergencias","tag-monte-san-juan","tag-noticias-el-salvador-2","tag-rescate-vehicular","tag-sistema-de-emergencias-medicas"],"_links":{"self":[{"href":"https:\/\/elmetidosv.com\/index.php?rest_route=\/wp\/v2\/posts\/29966","targetHints":{"allow":["GET"]}}],"collection":[{"href":"https:\/\/elmetidosv.com\/index.php?rest_route=\/wp\/v2\/posts"}],"about":[{"href":"https:\/\/elmetidosv.com\/index.php?rest_route=\/wp\/v2\/types\/post"}],"author":[{"embeddable":true,"href":"https:\/\/elmetidosv.com\/index.php?rest_route=\/wp\/v2\/users\/2"}],"replies":[{"embeddable":true,"href":"https:\/\/elmetidosv.com\/index.php?rest_route=%2Fwp%2Fv2%2Fcomments&post=29966"}],"version-history":[{"count":1,"href":"https:\/\/elmetidosv.com\/index.php?rest_route=\/wp\/v2\/posts\/29966\/revisions"}],"predecessor-version":[{"id":29970,"href":"https:\/\/elmetidosv.com\/index.php?rest_route=\/wp\/v2\/posts\/29966\/revisions\/29970"}],"wp:featuredmedia":[{"embeddable":true,"href":"https:\/\/elmetidosv.com\/index.php?rest_route=\/wp\/v2\/media\/29967"}],"wp:attachment":[{"href":"https:\/\/elmetidosv.com\/index.php?rest_route=%2Fwp%2Fv2%2Fmedia&parent=29966"}],"wp:term":[{"taxonomy":"category","embeddable":true,"href":"https:\/\/elmetidosv.com\/index.php?rest_route=%2Fwp%2Fv2%2Fcategories&post=29966"},{"taxonomy":"post_tag","embeddable":true,"href":"https:\/\/elmetidosv.com\/index.php?rest_route=%2Fwp%2Fv2%2Ftags&post=29966"}],"curies":[{"name":"wp","href":"https:\/\/api.w.org\/{rel}","templated":true}]}}