{"id":2905,"date":"2020-05-14T14:33:56","date_gmt":"2020-05-14T20:33:56","guid":{"rendered":"http:\/\/elmetidosve.com\/?p=2905"},"modified":"2020-05-14T14:34:03","modified_gmt":"2020-05-14T20:34:03","slug":"superintendente-manuel-aguilar-reitera-que-ningun-salvadoreno-puede-ser-desconectado-por-falta-de-pago","status":"publish","type":"post","link":"https:\/\/elmetidosv.com\/?p=2905","title":{"rendered":"Superintendente Manuel Aguilar reitera que ning\u00fan salvadore\u00f1o puede ser desconectado por falta de pago"},"content":{"rendered":"\n<p>El Superintendente de la SIGET, Manuel Aguilar, reiter\u00f3 este jueves en una conferencia de prensa que ning\u00fan salvadore\u00f1o puede ser desconectado por falta de pago en medio de esta emergencia por COVID-19.<\/p>\n\n\n\n<p>Aguilar explic\u00f3 que los operadores de telefon\u00eda habilitaron diversos canales para diferir el pago del servicio de telecomunicaciones, de los tres meses que se ha suspendido el cobro por el mandato del Presidente de la Rep\u00fablica, Nayib Bukele.<\/p>\n\n\n\n<p>Adem\u00e1s, el Superitendente explic\u00f3 que en el caso de los servicios de electricidad, quienes no hayan realizado el pago durante los tres meses de suspensi\u00f3n, este se les diferir\u00e1 en 24 cuotas autom\u00e1ticamente, sin necesidad de gestionar el servicio con las empresas distribuidoras.<\/p>\n\n\n\n<p>El funcionario record\u00f3 que el pago diluido en 24 cuotas de los servicios de telecomunicaciones y electricidad comenzar\u00e1 a hacerse efectivo el pr\u00f3ximo 21 de junio, cuando venzan los tres meses de suspensi\u00f3n de estos cobros debido a la emergencia nacional por el coronavirus.<\/p>\n\n\n\n<p>El Gobierno del Presidente Nayib Bukele hace el llamado a cumplir con la cuaretena domiciliar especial, la cual se empez\u00f3 a ejecutar desde el pasado 7 de mayo para prevenir posibles casos de COVID-19.<\/p>\n\n\n\n<p><\/p>\n","protected":false},"excerpt":{"rendered":"<p>El Superintendente de la SIGET, Manuel Aguilar, reiter\u00f3 este jueves en una conferencia de prensa que ning\u00fan salvadore\u00f1o puede ser<\/p>\n","protected":false},"author":1,"featured_media":2906,"comment_status":"open","ping_status":"open","sticky":false,"template":"","format":"standard","meta":{"colormag_page_container_layout":"default_layout","colormag_page_sidebar_layout":"default_layout","footnotes":""},"categories":[1],"tags":[],"class_list":["post-2905","post","type-post","status-publish","format-standard","has-post-thumbnail","hentry","category-nacional"],"_links":{"self":[{"href":"https:\/\/elmetidosv.com\/index.php?rest_route=\/wp\/v2\/posts\/2905","targetHints":{"allow":["GET"]}}],"collection":[{"href":"https:\/\/elmetidosv.com\/index.php?rest_route=\/wp\/v2\/posts"}],"about":[{"href":"https:\/\/elmetidosv.com\/index.php?rest_route=\/wp\/v2\/types\/post"}],"author":[{"embeddable":true,"href":"https:\/\/elmetidosv.com\/index.php?rest_route=\/wp\/v2\/users\/1"}],"replies":[{"embeddable":true,"href":"https:\/\/elmetidosv.com\/index.php?rest_route=%2Fwp%2Fv2%2Fcomments&post=2905"}],"version-history":[{"count":1,"href":"https:\/\/elmetidosv.com\/index.php?rest_route=\/wp\/v2\/posts\/2905\/revisions"}],"predecessor-version":[{"id":2907,"href":"https:\/\/elmetidosv.com\/index.php?rest_route=\/wp\/v2\/posts\/2905\/revisions\/2907"}],"wp:featuredmedia":[{"embeddable":true,"href":"https:\/\/elmetidosv.com\/index.php?rest_route=\/wp\/v2\/media\/2906"}],"wp:attachment":[{"href":"https:\/\/elmetidosv.com\/index.php?rest_route=%2Fwp%2Fv2%2Fmedia&parent=2905"}],"wp:term":[{"taxonomy":"category","embeddable":true,"href":"https:\/\/elmetidosv.com\/index.php?rest_route=%2Fwp%2Fv2%2Fcategories&post=2905"},{"taxonomy":"post_tag","embeddable":true,"href":"https:\/\/elmetidosv.com\/index.php?rest_route=%2Fwp%2Fv2%2Ftags&post=2905"}],"curies":[{"name":"wp","href":"https:\/\/api.w.org\/{rel}","templated":true}]}}