{"id":2891,"date":"2020-05-14T13:06:59","date_gmt":"2020-05-14T19:06:59","guid":{"rendered":"http:\/\/elmetidosve.com\/?p=2891"},"modified":"2020-05-14T13:07:06","modified_gmt":"2020-05-14T19:07:06","slug":"gobierno-ha-garantizado-transporte-a-5-mil-pacientes-con-enfermedades-cronicas-durante-cuarentena-especial","status":"publish","type":"post","link":"https:\/\/elmetidosv.com\/?p=2891","title":{"rendered":"Gobierno ha garantizado transporte a 5 mil pacientes con enfermedades cr\u00f3nicas durante cuarentena especial"},"content":{"rendered":"\n<p>El Gobierno del Presidente Nayib Bukele, a trav\u00e9s del Gabinete de Salud, inform\u00f3 que desde que inici\u00f3 la cuarentena especial, m\u00e1s de 5 mil personas con enfermedades cr\u00f3nicas han sido trasladadas hacia consultas, tratamientos m\u00e9dicos y retiro de medicinas en hospitales de la red nacional y del ISSS.<\/p>\n\n\n\n<p>El beneficio es coordinado con el Viceministerio de Transporte (VMT), \u201cTodos los d\u00edas, durante esta cuarentena especial, brindamos transporte sin costo, a todos los pacientes cr\u00f3nicos que lo requieran\u201d, destaca la instituci\u00f3n.<\/p>\n\n\n\n<p>Los pacientes son transportados sin costo alguno desde sus hogares al hospital y viceversa, \u201cnuestro compromiso es brindarles movilidad, y que puedan atender su cita, sin problemas\u201d, destaca el VMT.<\/p>\n\n\n\n<p>Las autoridades agregaron que las personas que necesitan transportarse para sus consultas o para retirar el medicamento, lo \u00fanico que tienen que hacer es llamar al 2121-4010 para coordinar.<\/p>\n","protected":false},"excerpt":{"rendered":"<p>El Gobierno del Presidente Nayib Bukele, a trav\u00e9s del Gabinete de Salud, inform\u00f3 que desde que inici\u00f3 la cuarentena especial,<\/p>\n","protected":false},"author":1,"featured_media":2814,"comment_status":"open","ping_status":"open","sticky":false,"template":"","format":"standard","meta":{"colormag_page_container_layout":"default_layout","colormag_page_sidebar_layout":"default_layout","footnotes":""},"categories":[1],"tags":[],"class_list":["post-2891","post","type-post","status-publish","format-standard","has-post-thumbnail","hentry","category-nacional"],"_links":{"self":[{"href":"https:\/\/elmetidosv.com\/index.php?rest_route=\/wp\/v2\/posts\/2891","targetHints":{"allow":["GET"]}}],"collection":[{"href":"https:\/\/elmetidosv.com\/index.php?rest_route=\/wp\/v2\/posts"}],"about":[{"href":"https:\/\/elmetidosv.com\/index.php?rest_route=\/wp\/v2\/types\/post"}],"author":[{"embeddable":true,"href":"https:\/\/elmetidosv.com\/index.php?rest_route=\/wp\/v2\/users\/1"}],"replies":[{"embeddable":true,"href":"https:\/\/elmetidosv.com\/index.php?rest_route=%2Fwp%2Fv2%2Fcomments&post=2891"}],"version-history":[{"count":1,"href":"https:\/\/elmetidosv.com\/index.php?rest_route=\/wp\/v2\/posts\/2891\/revisions"}],"predecessor-version":[{"id":2892,"href":"https:\/\/elmetidosv.com\/index.php?rest_route=\/wp\/v2\/posts\/2891\/revisions\/2892"}],"wp:featuredmedia":[{"embeddable":true,"href":"https:\/\/elmetidosv.com\/index.php?rest_route=\/wp\/v2\/media\/2814"}],"wp:attachment":[{"href":"https:\/\/elmetidosv.com\/index.php?rest_route=%2Fwp%2Fv2%2Fmedia&parent=2891"}],"wp:term":[{"taxonomy":"category","embeddable":true,"href":"https:\/\/elmetidosv.com\/index.php?rest_route=%2Fwp%2Fv2%2Fcategories&post=2891"},{"taxonomy":"post_tag","embeddable":true,"href":"https:\/\/elmetidosv.com\/index.php?rest_route=%2Fwp%2Fv2%2Ftags&post=2891"}],"curies":[{"name":"wp","href":"https:\/\/api.w.org\/{rel}","templated":true}]}}