{"id":2858,"date":"2020-05-13T13:42:39","date_gmt":"2020-05-13T19:42:39","guid":{"rendered":"http:\/\/elmetidosve.com\/?p=2858"},"modified":"2020-05-13T13:42:46","modified_gmt":"2020-05-13T19:42:46","slug":"presidente-bukele-anuncia-que-este-mes-se-entregara-otro-bono-de-150-a-personal-de-salud","status":"publish","type":"post","link":"https:\/\/elmetidosv.com\/?p=2858","title":{"rendered":"Presidente Bukele anuncia que este mes se entregar\u00e1 otro bono de $150 a personal de salud"},"content":{"rendered":"\n<div class=\"wp-block-image\"><figure class=\"aligncenter is-resized\"><img loading=\"lazy\" decoding=\"async\" src=\"https:\/\/elblog.com\/inicio\/wp-content\/uploads\/2020\/05\/presidente-4.jpg\" alt=\"\" width=\"360\" height=\"365\"\/><\/figure><\/div>\n\n\n\n<p>El presidente de la Rep\u00fablica, Nayib Bukele, dio a conocer este mi\u00e9rcoles que, en el mes de mayo, tambi\u00e9n, se entregar\u00e1 un bono de $150 a todo el personal de Salud y otras dependencias del Estado que batallan en primera l\u00ednea para proteger la salud de los salvadore\u00f1os ante la emergencia por el COVID-19.<\/p>\n\n\n\n<p>De acuerdo con el mandatario, al igual que en el mes de abril, se le entregar\u00e1 un bono especial por su esfuerzo a los trabajadores del Ministerio de Salud, Seguro Social, Fosalud, Polic\u00eda Nacional Civil (PNC), Fuerza Armada, Consejo Nacional de la Ni\u00f1ez y de la Adolescencia (CONNA) y Protecci\u00f3n Civil, entre otras dependencias.<\/p>\n\n\n\n<p>\u201cS\u00e9 que merecen mucho m\u00e1s, en todo sentido. Continuaremos trabajando para que sea as\u00ed. Y sobre todo, recuerden que la mejor recompensa no la puede dar el Gobierno, sino que viene de Dios. Esa recompensa no tiene precio, ni puede ser igualada por nadie\u201d, expres\u00f3 el mandatario tras dar el anuncio.<\/p>\n\n\n\n<p>Es importante destacar que los m\u00e9dicos, enfermeras, polic\u00edas, soldados y personal de apoyo est\u00e1n trabajando incansablemente para que la pandemia del COVID-19, que afecta al pa\u00eds, deje el menor impacto posible.<\/p>\n\n\n\n<p>Gracias al esfuerzo de este personal, que es considerado por muchos como \u201ch\u00e9roes nacionales\u201d, los pacientes infectados con el virus, las personas sospechosas de ser portadores y todos los que guardan cuarentena en los centros habilitados por el Gobierno reciben atenci\u00f3n sanitaria adecuada.<\/p>\n","protected":false},"excerpt":{"rendered":"<p>El presidente de la Rep\u00fablica, Nayib Bukele, dio a conocer este mi\u00e9rcoles que, en el mes de mayo, tambi\u00e9n, se<\/p>\n","protected":false},"author":1,"featured_media":2859,"comment_status":"open","ping_status":"open","sticky":false,"template":"","format":"standard","meta":{"colormag_page_container_layout":"default_layout","colormag_page_sidebar_layout":"default_layout","footnotes":""},"categories":[1],"tags":[],"class_list":["post-2858","post","type-post","status-publish","format-standard","has-post-thumbnail","hentry","category-nacional"],"_links":{"self":[{"href":"https:\/\/elmetidosv.com\/index.php?rest_route=\/wp\/v2\/posts\/2858","targetHints":{"allow":["GET"]}}],"collection":[{"href":"https:\/\/elmetidosv.com\/index.php?rest_route=\/wp\/v2\/posts"}],"about":[{"href":"https:\/\/elmetidosv.com\/index.php?rest_route=\/wp\/v2\/types\/post"}],"author":[{"embeddable":true,"href":"https:\/\/elmetidosv.com\/index.php?rest_route=\/wp\/v2\/users\/1"}],"replies":[{"embeddable":true,"href":"https:\/\/elmetidosv.com\/index.php?rest_route=%2Fwp%2Fv2%2Fcomments&post=2858"}],"version-history":[{"count":1,"href":"https:\/\/elmetidosv.com\/index.php?rest_route=\/wp\/v2\/posts\/2858\/revisions"}],"predecessor-version":[{"id":2860,"href":"https:\/\/elmetidosv.com\/index.php?rest_route=\/wp\/v2\/posts\/2858\/revisions\/2860"}],"wp:featuredmedia":[{"embeddable":true,"href":"https:\/\/elmetidosv.com\/index.php?rest_route=\/wp\/v2\/media\/2859"}],"wp:attachment":[{"href":"https:\/\/elmetidosv.com\/index.php?rest_route=%2Fwp%2Fv2%2Fmedia&parent=2858"}],"wp:term":[{"taxonomy":"category","embeddable":true,"href":"https:\/\/elmetidosv.com\/index.php?rest_route=%2Fwp%2Fv2%2Fcategories&post=2858"},{"taxonomy":"post_tag","embeddable":true,"href":"https:\/\/elmetidosv.com\/index.php?rest_route=%2Fwp%2Fv2%2Ftags&post=2858"}],"curies":[{"name":"wp","href":"https:\/\/api.w.org\/{rel}","templated":true}]}}