{"id":2841,"date":"2020-05-13T13:14:04","date_gmt":"2020-05-13T19:14:04","guid":{"rendered":"http:\/\/elmetidosve.com\/?p=2841"},"modified":"2020-05-13T13:14:10","modified_gmt":"2020-05-13T19:14:10","slug":"entregan-dosis-de-plasma-en-hospital-san-rafael-para-paciente-con-covid-19-que-lucha-por-su-vida","status":"publish","type":"post","link":"https:\/\/elmetidosv.com\/?p=2841","title":{"rendered":"Entregan dosis de plasma en Hospital San Rafael para paciente con Covid-19 que lucha por su vida"},"content":{"rendered":"\n<figure class=\"wp-block-gallery columns-3 is-cropped wp-block-gallery-1 is-layout-flex wp-block-gallery-is-layout-flex\"><ul class=\"blocks-gallery-grid\"><li class=\"blocks-gallery-item\"><figure><img loading=\"lazy\" decoding=\"async\" width=\"360\" height=\"240\" src=\"http:\/\/elmetidosve.com\/wp-content\/uploads\/2020\/05\/0000000000000000000000000000000000-38.jpg\" alt=\"\" data-id=\"2842\" data-full-url=\"http:\/\/elmetidosve.com\/wp-content\/uploads\/2020\/05\/0000000000000000000000000000000000-38.jpg\" data-link=\"http:\/\/elmetidosve.com\/?attachment_id=2842\" class=\"wp-image-2842\" srcset=\"https:\/\/elmetidosv.com\/wp-content\/uploads\/2020\/05\/0000000000000000000000000000000000-38.jpg 360w, https:\/\/elmetidosv.com\/wp-content\/uploads\/2020\/05\/0000000000000000000000000000000000-38-300x200.jpg 300w\" sizes=\"auto, (max-width: 360px) 100vw, 360px\" \/><\/figure><\/li><li class=\"blocks-gallery-item\"><figure><img loading=\"lazy\" decoding=\"async\" width=\"360\" height=\"240\" src=\"http:\/\/elmetidosve.com\/wp-content\/uploads\/2020\/05\/000000000000000000-90.jpg\" alt=\"\" data-id=\"2843\" data-full-url=\"http:\/\/elmetidosve.com\/wp-content\/uploads\/2020\/05\/000000000000000000-90.jpg\" data-link=\"http:\/\/elmetidosve.com\/?attachment_id=2843\" class=\"wp-image-2843\" srcset=\"https:\/\/elmetidosv.com\/wp-content\/uploads\/2020\/05\/000000000000000000-90.jpg 360w, https:\/\/elmetidosv.com\/wp-content\/uploads\/2020\/05\/000000000000000000-90-300x200.jpg 300w\" sizes=\"auto, (max-width: 360px) 100vw, 360px\" \/><\/figure><\/li><li class=\"blocks-gallery-item\"><figure><img loading=\"lazy\" decoding=\"async\" width=\"360\" height=\"240\" src=\"http:\/\/elmetidosve.com\/wp-content\/uploads\/2020\/05\/000000000000000-47.jpg\" alt=\"\" data-id=\"2844\" data-full-url=\"http:\/\/elmetidosve.com\/wp-content\/uploads\/2020\/05\/000000000000000-47.jpg\" data-link=\"http:\/\/elmetidosve.com\/?attachment_id=2844\" class=\"wp-image-2844\" srcset=\"https:\/\/elmetidosv.com\/wp-content\/uploads\/2020\/05\/000000000000000-47.jpg 360w, https:\/\/elmetidosv.com\/wp-content\/uploads\/2020\/05\/000000000000000-47-300x200.jpg 300w\" sizes=\"auto, (max-width: 360px) 100vw, 360px\" \/><\/figure><\/li><li class=\"blocks-gallery-item\"><figure><img loading=\"lazy\" decoding=\"async\" width=\"360\" height=\"240\" src=\"http:\/\/elmetidosve.com\/wp-content\/uploads\/2020\/05\/0000-26.jpg\" alt=\"\" data-id=\"2845\" data-full-url=\"http:\/\/elmetidosve.com\/wp-content\/uploads\/2020\/05\/0000-26.jpg\" data-link=\"http:\/\/elmetidosve.com\/?attachment_id=2845\" class=\"wp-image-2845\" srcset=\"https:\/\/elmetidosv.com\/wp-content\/uploads\/2020\/05\/0000-26.jpg 360w, https:\/\/elmetidosv.com\/wp-content\/uploads\/2020\/05\/0000-26-300x200.jpg 300w\" sizes=\"auto, (max-width: 360px) 100vw, 360px\" \/><\/figure><\/li><\/ul><\/figure>\n\n\n\n<p>Personal del Ministerio de Salud entreg\u00f3 la noche del martes, dos dosis de plasma convaleciente en el Hospital San Rafael de Santa Tecla, las cuales ser\u00e1n utilizadas para el tratamiento de pacientes con Covid-19.<\/p>\n\n\n\n<p>Este plasma se ha obtenido por donaci\u00f3n de pacientes ya curados de la mortal enfermedad que se acercaron al Centro de Recolecci\u00f3n de Plasma Anti Covid, habilitado por el Gobierno.<\/p>\n\n\n\n<p>Seg\u00fan explic\u00f3 el ministro de Salud Francisco Alabi, d\u00edas atr\u00e1s, el plasma convaleciente que se obtiene de pacientes recuperados aporta anticuerpos, que son defensas que contribuyen al tratamiento de los pacientes activos.<\/p>\n\n\n\n<p>Seg\u00fan informa las autoridades, el objetivo es garantizar la salud de los salvadore\u00f1os y para ello se est\u00e1n implementando las mejores alternativas para tratar esta enfermedad.<\/p>\n\n\n\n<p>De igual manera, el ministerio solicita a todos los pacientes recuperados de COVID-19 a llamar al n\u00famero de tel\u00e9fono 2133-3100 y solicitar al conmutador la extensi\u00f3n de Banco de Sangre del Hospital Bloom, para que le brinden la asesor\u00eda necesaria para poder donar plasma.<\/p>\n","protected":false},"excerpt":{"rendered":"<p>Personal del Ministerio de Salud entreg\u00f3 la noche del martes, dos dosis de plasma convaleciente en el Hospital San Rafael<\/p>\n","protected":false},"author":1,"featured_media":2842,"comment_status":"open","ping_status":"open","sticky":false,"template":"","format":"standard","meta":{"colormag_page_container_layout":"default_layout","colormag_page_sidebar_layout":"default_layout","footnotes":""},"categories":[1],"tags":[],"class_list":["post-2841","post","type-post","status-publish","format-standard","has-post-thumbnail","hentry","category-nacional"],"_links":{"self":[{"href":"https:\/\/elmetidosv.com\/index.php?rest_route=\/wp\/v2\/posts\/2841","targetHints":{"allow":["GET"]}}],"collection":[{"href":"https:\/\/elmetidosv.com\/index.php?rest_route=\/wp\/v2\/posts"}],"about":[{"href":"https:\/\/elmetidosv.com\/index.php?rest_route=\/wp\/v2\/types\/post"}],"author":[{"embeddable":true,"href":"https:\/\/elmetidosv.com\/index.php?rest_route=\/wp\/v2\/users\/1"}],"replies":[{"embeddable":true,"href":"https:\/\/elmetidosv.com\/index.php?rest_route=%2Fwp%2Fv2%2Fcomments&post=2841"}],"version-history":[{"count":1,"href":"https:\/\/elmetidosv.com\/index.php?rest_route=\/wp\/v2\/posts\/2841\/revisions"}],"predecessor-version":[{"id":2846,"href":"https:\/\/elmetidosv.com\/index.php?rest_route=\/wp\/v2\/posts\/2841\/revisions\/2846"}],"wp:featuredmedia":[{"embeddable":true,"href":"https:\/\/elmetidosv.com\/index.php?rest_route=\/wp\/v2\/media\/2842"}],"wp:attachment":[{"href":"https:\/\/elmetidosv.com\/index.php?rest_route=%2Fwp%2Fv2%2Fmedia&parent=2841"}],"wp:term":[{"taxonomy":"category","embeddable":true,"href":"https:\/\/elmetidosv.com\/index.php?rest_route=%2Fwp%2Fv2%2Fcategories&post=2841"},{"taxonomy":"post_tag","embeddable":true,"href":"https:\/\/elmetidosv.com\/index.php?rest_route=%2Fwp%2Fv2%2Ftags&post=2841"}],"curies":[{"name":"wp","href":"https:\/\/api.w.org\/{rel}","templated":true}]}}