{"id":2817,"date":"2020-05-12T18:49:11","date_gmt":"2020-05-13T00:49:11","guid":{"rendered":"http:\/\/elmetidosve.com\/?p=2817"},"modified":"2020-05-12T18:49:18","modified_gmt":"2020-05-13T00:49:18","slug":"se-confirma-victima-numero-20-de-covid-19-en-el-salvador","status":"publish","type":"post","link":"https:\/\/elmetidosv.com\/?p=2817","title":{"rendered":"Se confirma v\u00edctima n\u00famero 20 de COVID-19 en El Salvador"},"content":{"rendered":"\n<p>Una persona m\u00e1s falleci\u00f3 a causa del coronavirus en El Salvador, este martes, anunci\u00f3 el titular del Ministerio de Salud (MINSAL), Francisco Alab\u00ed, en conferencia de prensa.<\/p>\n\n\n\n<p>De acuerdo a los reportes, lamentablemente se trata de una persona del sexo masculino entre 70 y 80 a\u00f1os de edad la v\u00edctima numero 20 de este mortal virus.<\/p>\n\n\n\n<p>Hace un par de horas, mediante redes sociales oficiales, Salud inform\u00f3 la muerte de un hombre de 42 a\u00f1os, quien ingres\u00f3 a la Unidad de Cuidados Intensivos (UCI) donde se le aplic\u00f3 todo el protocolo, sin embargo, el paciente no sobrevivi\u00f3.<\/p>\n\n\n\n<p>\u201cCon los dos hombres fallecidos por COVID-19 en el transcurso del d\u00eda, ya suman 20 v\u00edctimas mortales de la enfermedad\u201d agreg\u00f3 el titular ante los medios de comunicaci\u00f3n.<\/p>\n\n\n\n<p><\/p>\n","protected":false},"excerpt":{"rendered":"<p>Una persona m\u00e1s falleci\u00f3 a causa del coronavirus en El Salvador, este martes, anunci\u00f3 el titular del Ministerio de Salud<\/p>\n","protected":false},"author":1,"featured_media":2782,"comment_status":"open","ping_status":"open","sticky":false,"template":"","format":"standard","meta":{"colormag_page_container_layout":"default_layout","colormag_page_sidebar_layout":"default_layout","footnotes":""},"categories":[1],"tags":[],"class_list":["post-2817","post","type-post","status-publish","format-standard","has-post-thumbnail","hentry","category-nacional"],"_links":{"self":[{"href":"https:\/\/elmetidosv.com\/index.php?rest_route=\/wp\/v2\/posts\/2817","targetHints":{"allow":["GET"]}}],"collection":[{"href":"https:\/\/elmetidosv.com\/index.php?rest_route=\/wp\/v2\/posts"}],"about":[{"href":"https:\/\/elmetidosv.com\/index.php?rest_route=\/wp\/v2\/types\/post"}],"author":[{"embeddable":true,"href":"https:\/\/elmetidosv.com\/index.php?rest_route=\/wp\/v2\/users\/1"}],"replies":[{"embeddable":true,"href":"https:\/\/elmetidosv.com\/index.php?rest_route=%2Fwp%2Fv2%2Fcomments&post=2817"}],"version-history":[{"count":1,"href":"https:\/\/elmetidosv.com\/index.php?rest_route=\/wp\/v2\/posts\/2817\/revisions"}],"predecessor-version":[{"id":2819,"href":"https:\/\/elmetidosv.com\/index.php?rest_route=\/wp\/v2\/posts\/2817\/revisions\/2819"}],"wp:featuredmedia":[{"embeddable":true,"href":"https:\/\/elmetidosv.com\/index.php?rest_route=\/wp\/v2\/media\/2782"}],"wp:attachment":[{"href":"https:\/\/elmetidosv.com\/index.php?rest_route=%2Fwp%2Fv2%2Fmedia&parent=2817"}],"wp:term":[{"taxonomy":"category","embeddable":true,"href":"https:\/\/elmetidosv.com\/index.php?rest_route=%2Fwp%2Fv2%2Fcategories&post=2817"},{"taxonomy":"post_tag","embeddable":true,"href":"https:\/\/elmetidosv.com\/index.php?rest_route=%2Fwp%2Fv2%2Ftags&post=2817"}],"curies":[{"name":"wp","href":"https:\/\/api.w.org\/{rel}","templated":true}]}}