{"id":2775,"date":"2020-05-12T12:54:36","date_gmt":"2020-05-12T18:54:36","guid":{"rendered":"http:\/\/elmetidosve.com\/?p=2775"},"modified":"2020-05-12T12:54:43","modified_gmt":"2020-05-12T18:54:43","slug":"a-pesar-de-la-emergencia-del-covid-19-mas-de-3-mil-policias-trabajan-en-el-plan-control-territorial","status":"publish","type":"post","link":"https:\/\/elmetidosv.com\/?p=2775","title":{"rendered":"A pesar de la emergencia del COVID-19, m\u00e1s de 3 mil polic\u00edas trabajan en el Plan Control Territorial"},"content":{"rendered":"\n<figure class=\"wp-block-image\"><img decoding=\"async\" src=\"https:\/\/pbs.twimg.com\/media\/EXy77YSXkAE4zPp?format=jpg&amp;name=small\" alt=\"Ver imagen en Twitter\"\/><\/figure>\n\n\n\n<p>La Polic\u00eda Nacional Civil (PNC) inform\u00f3 que a pesar de la emergencia que se vive en el pa\u00eds debido al COVID-19, m\u00e1s de 3 mil agentes se encuentran ejecutando el Plan Control Territorial para combatir la delincuencia a nivel nacional.<\/p>\n\n\n\n<p>\u201cHacemos esfuerzos simult\u00e1neos por proteger a la poblaci\u00f3n de la criminalidad, controlando la delincuencia y logrando que mayo registre su segundo d\u00eda sin homicidios\u201d, comunicaron en sus redes sociales.<\/p>\n\n\n\n<p>Pese al pasado repunte de homicidios, el mes pasado, los agentes lograron controlar la situaci\u00f3n capturando a los cabecillas, pandilleros, jainas, y gatilleros.<\/p>\n\n\n\n<p>Los agentes realizan tambi\u00e9n un importante papel en la lucha por detener los contagios acelerados del coronavirus, ya que a trav\u00e9s de patrullajes terrestres, a\u00e9reos y acu\u00e1ticos verifican el cumplimiento de la cuarentena domiciliar y dem\u00e1s protocolos de prevenci\u00f3n.<\/p>\n\n\n\n<p>En esa misma l\u00ednea, el Presidente de la Rep\u00fablica Nayib Bukele, confirm\u00f3 que este pasado lunes 11 de mayo, El Salvador cerr\u00f3 nuevamente un d\u00eda con cero homicidios.<\/p>\n","protected":false},"excerpt":{"rendered":"<p>La Polic\u00eda Nacional Civil (PNC) inform\u00f3 que a pesar de la emergencia que se vive en el pa\u00eds debido al<\/p>\n","protected":false},"author":1,"featured_media":2776,"comment_status":"open","ping_status":"open","sticky":false,"template":"","format":"standard","meta":{"colormag_page_container_layout":"default_layout","colormag_page_sidebar_layout":"default_layout","footnotes":""},"categories":[1],"tags":[],"class_list":["post-2775","post","type-post","status-publish","format-standard","has-post-thumbnail","hentry","category-nacional"],"_links":{"self":[{"href":"https:\/\/elmetidosv.com\/index.php?rest_route=\/wp\/v2\/posts\/2775","targetHints":{"allow":["GET"]}}],"collection":[{"href":"https:\/\/elmetidosv.com\/index.php?rest_route=\/wp\/v2\/posts"}],"about":[{"href":"https:\/\/elmetidosv.com\/index.php?rest_route=\/wp\/v2\/types\/post"}],"author":[{"embeddable":true,"href":"https:\/\/elmetidosv.com\/index.php?rest_route=\/wp\/v2\/users\/1"}],"replies":[{"embeddable":true,"href":"https:\/\/elmetidosv.com\/index.php?rest_route=%2Fwp%2Fv2%2Fcomments&post=2775"}],"version-history":[{"count":1,"href":"https:\/\/elmetidosv.com\/index.php?rest_route=\/wp\/v2\/posts\/2775\/revisions"}],"predecessor-version":[{"id":2777,"href":"https:\/\/elmetidosv.com\/index.php?rest_route=\/wp\/v2\/posts\/2775\/revisions\/2777"}],"wp:featuredmedia":[{"embeddable":true,"href":"https:\/\/elmetidosv.com\/index.php?rest_route=\/wp\/v2\/media\/2776"}],"wp:attachment":[{"href":"https:\/\/elmetidosv.com\/index.php?rest_route=%2Fwp%2Fv2%2Fmedia&parent=2775"}],"wp:term":[{"taxonomy":"category","embeddable":true,"href":"https:\/\/elmetidosv.com\/index.php?rest_route=%2Fwp%2Fv2%2Fcategories&post=2775"},{"taxonomy":"post_tag","embeddable":true,"href":"https:\/\/elmetidosv.com\/index.php?rest_route=%2Fwp%2Fv2%2Ftags&post=2775"}],"curies":[{"name":"wp","href":"https:\/\/api.w.org\/{rel}","templated":true}]}}