{"id":2738,"date":"2020-05-11T14:21:57","date_gmt":"2020-05-11T20:21:57","guid":{"rendered":"http:\/\/elmetidosve.com\/?p=2738"},"modified":"2020-05-11T14:22:04","modified_gmt":"2020-05-11T20:22:04","slug":"centros-penales-recibe-donativo-de-caretas-de-proteccion-para-el-personal-medico-y-administrativo-por-emergencia-del-covid-19","status":"publish","type":"post","link":"https:\/\/elmetidosv.com\/?p=2738","title":{"rendered":"Centros Penales recibe donativo de caretas de protecci\u00f3n para el personal m\u00e9dico y administrativo por emergencia del COVID-19"},"content":{"rendered":"\n<figure class=\"wp-block-gallery columns-3 is-cropped wp-block-gallery-1 is-layout-flex wp-block-gallery-is-layout-flex\"><ul class=\"blocks-gallery-grid\"><li class=\"blocks-gallery-item\"><figure><img loading=\"lazy\" decoding=\"async\" width=\"1024\" height=\"682\" src=\"http:\/\/elmetidosve.com\/wp-content\/uploads\/2020\/05\/0000000000000000000000000000000000-17-1024x682.jpg\" alt=\"\" data-id=\"2739\" data-full-url=\"http:\/\/elmetidosve.com\/wp-content\/uploads\/2020\/05\/0000000000000000000000000000000000-17.jpg\" data-link=\"http:\/\/elmetidosve.com\/?attachment_id=2739\" class=\"wp-image-2739\" srcset=\"https:\/\/elmetidosv.com\/wp-content\/uploads\/2020\/05\/0000000000000000000000000000000000-17-1024x682.jpg 1024w, https:\/\/elmetidosv.com\/wp-content\/uploads\/2020\/05\/0000000000000000000000000000000000-17-300x200.jpg 300w, https:\/\/elmetidosv.com\/wp-content\/uploads\/2020\/05\/0000000000000000000000000000000000-17-768x512.jpg 768w, https:\/\/elmetidosv.com\/wp-content\/uploads\/2020\/05\/0000000000000000000000000000000000-17.jpg 1280w\" sizes=\"auto, (max-width: 1024px) 100vw, 1024px\" \/><\/figure><\/li><li class=\"blocks-gallery-item\"><figure><img loading=\"lazy\" decoding=\"async\" width=\"1024\" height=\"682\" src=\"http:\/\/elmetidosve.com\/wp-content\/uploads\/2020\/05\/0000000000000000000000000-97-1024x682.jpg\" alt=\"\" data-id=\"2740\" data-full-url=\"http:\/\/elmetidosve.com\/wp-content\/uploads\/2020\/05\/0000000000000000000000000-97.jpg\" data-link=\"http:\/\/elmetidosve.com\/?attachment_id=2740\" class=\"wp-image-2740\" srcset=\"https:\/\/elmetidosv.com\/wp-content\/uploads\/2020\/05\/0000000000000000000000000-97-1024x682.jpg 1024w, https:\/\/elmetidosv.com\/wp-content\/uploads\/2020\/05\/0000000000000000000000000-97-300x200.jpg 300w, https:\/\/elmetidosv.com\/wp-content\/uploads\/2020\/05\/0000000000000000000000000-97-768x512.jpg 768w, https:\/\/elmetidosv.com\/wp-content\/uploads\/2020\/05\/0000000000000000000000000-97.jpg 1280w\" sizes=\"auto, (max-width: 1024px) 100vw, 1024px\" \/><\/figure><\/li><li class=\"blocks-gallery-item\"><figure><img loading=\"lazy\" decoding=\"async\" width=\"1024\" height=\"768\" src=\"http:\/\/elmetidosve.com\/wp-content\/uploads\/2020\/05\/000000000000000000-80-1024x768.jpg\" alt=\"\" data-id=\"2741\" data-full-url=\"http:\/\/elmetidosve.com\/wp-content\/uploads\/2020\/05\/000000000000000000-80.jpg\" data-link=\"http:\/\/elmetidosve.com\/?attachment_id=2741\" class=\"wp-image-2741\" srcset=\"https:\/\/elmetidosv.com\/wp-content\/uploads\/2020\/05\/000000000000000000-80-1024x768.jpg 1024w, https:\/\/elmetidosv.com\/wp-content\/uploads\/2020\/05\/000000000000000000-80-300x225.jpg 300w, https:\/\/elmetidosv.com\/wp-content\/uploads\/2020\/05\/000000000000000000-80-768x576.jpg 768w, https:\/\/elmetidosv.com\/wp-content\/uploads\/2020\/05\/000000000000000000-80.jpg 1152w\" sizes=\"auto, (max-width: 1024px) 100vw, 1024px\" \/><\/figure><\/li><li class=\"blocks-gallery-item\"><figure><img loading=\"lazy\" decoding=\"async\" width=\"1024\" height=\"768\" src=\"http:\/\/elmetidosve.com\/wp-content\/uploads\/2020\/05\/000000000000000-45-1024x768.jpg\" alt=\"\" data-id=\"2742\" data-full-url=\"http:\/\/elmetidosve.com\/wp-content\/uploads\/2020\/05\/000000000000000-45.jpg\" data-link=\"http:\/\/elmetidosve.com\/?attachment_id=2742\" class=\"wp-image-2742\" srcset=\"https:\/\/elmetidosv.com\/wp-content\/uploads\/2020\/05\/000000000000000-45-1024x768.jpg 1024w, https:\/\/elmetidosv.com\/wp-content\/uploads\/2020\/05\/000000000000000-45-300x225.jpg 300w, https:\/\/elmetidosv.com\/wp-content\/uploads\/2020\/05\/000000000000000-45-768x576.jpg 768w, https:\/\/elmetidosv.com\/wp-content\/uploads\/2020\/05\/000000000000000-45.jpg 1040w\" sizes=\"auto, (max-width: 1024px) 100vw, 1024px\" \/><\/figure><\/li><li class=\"blocks-gallery-item\"><figure><img loading=\"lazy\" decoding=\"async\" width=\"360\" height=\"240\" src=\"http:\/\/elmetidosve.com\/wp-content\/uploads\/2020\/05\/0000-25.jpg\" alt=\"\" data-id=\"2743\" data-full-url=\"http:\/\/elmetidosve.com\/wp-content\/uploads\/2020\/05\/0000-25.jpg\" data-link=\"http:\/\/elmetidosve.com\/?attachment_id=2743\" class=\"wp-image-2743\" srcset=\"https:\/\/elmetidosv.com\/wp-content\/uploads\/2020\/05\/0000-25.jpg 360w, https:\/\/elmetidosv.com\/wp-content\/uploads\/2020\/05\/0000-25-300x200.jpg 300w\" sizes=\"auto, (max-width: 360px) 100vw, 360px\" \/><\/figure><\/li><li class=\"blocks-gallery-item\"><figure><img loading=\"lazy\" decoding=\"async\" width=\"360\" height=\"240\" src=\"http:\/\/elmetidosve.com\/wp-content\/uploads\/2020\/05\/000-11.jpg\" alt=\"\" data-id=\"2744\" data-full-url=\"http:\/\/elmetidosve.com\/wp-content\/uploads\/2020\/05\/000-11.jpg\" data-link=\"http:\/\/elmetidosve.com\/?attachment_id=2744\" class=\"wp-image-2744\" srcset=\"https:\/\/elmetidosv.com\/wp-content\/uploads\/2020\/05\/000-11.jpg 360w, https:\/\/elmetidosv.com\/wp-content\/uploads\/2020\/05\/000-11-300x200.jpg 300w\" sizes=\"auto, (max-width: 360px) 100vw, 360px\" \/><\/figure><\/li><\/ul><\/figure>\n\n\n\n<p>Las autoridades de la Direcci\u00f3n General de Centros Penales (DGCP) informaron que este lunes, recibieron un importante donativo de 1, 200 caretas de protecci\u00f3n para el personal que labora en los centros penitenciarios, ante la emergencia nacional por el COVID-19.<\/p>\n\n\n\n<p>Esta entrega fue presidida por autoridades del Fondo Ambiental de El Salvador (FONAES), quienes brindaron este apoyo para brindar la seguridad del personal y evitar posibles contagios del coronavirus.<\/p>\n\n\n\n<p>Adem\u00e1s, el Director General de Centros Penales, Osiris Luna Meza, dijo que \u201cel esfuerzo est\u00e1 enfocado en prevenir el coronavirus en el Sistema Penitenciario, evitando un colapso en el Sistema de Salud que afecte directamente en toda la sociedad\u201d.<\/p>\n\n\n\n<p>Asimismo, el funcionario Ad honorem afirma que en los centros penales del pa\u00eds, realizan las actividades cotidianas haciendo prevalecer el orden, control y disciplina, donde los privados de libertad reciben asistencia en salud y se han incrementado las campa\u00f1as de limpieza\u201d.<\/p>\n\n\n\n<p>Con estas acciones, el gobierno del Presidente de la Rep\u00fablica contin\u00faa con los esfuerzos en garantizar la seguridad y salud de todos los salvadore\u00f1os ante la emergencia nacional por el coronavirus.<\/p>\n","protected":false},"excerpt":{"rendered":"<p>Las autoridades de la Direcci\u00f3n General de Centros Penales (DGCP) informaron que este lunes, recibieron un importante donativo de 1,<\/p>\n","protected":false},"author":1,"featured_media":2744,"comment_status":"open","ping_status":"open","sticky":false,"template":"","format":"standard","meta":{"colormag_page_container_layout":"default_layout","colormag_page_sidebar_layout":"default_layout","footnotes":""},"categories":[1],"tags":[],"class_list":["post-2738","post","type-post","status-publish","format-standard","has-post-thumbnail","hentry","category-nacional"],"_links":{"self":[{"href":"https:\/\/elmetidosv.com\/index.php?rest_route=\/wp\/v2\/posts\/2738","targetHints":{"allow":["GET"]}}],"collection":[{"href":"https:\/\/elmetidosv.com\/index.php?rest_route=\/wp\/v2\/posts"}],"about":[{"href":"https:\/\/elmetidosv.com\/index.php?rest_route=\/wp\/v2\/types\/post"}],"author":[{"embeddable":true,"href":"https:\/\/elmetidosv.com\/index.php?rest_route=\/wp\/v2\/users\/1"}],"replies":[{"embeddable":true,"href":"https:\/\/elmetidosv.com\/index.php?rest_route=%2Fwp%2Fv2%2Fcomments&post=2738"}],"version-history":[{"count":1,"href":"https:\/\/elmetidosv.com\/index.php?rest_route=\/wp\/v2\/posts\/2738\/revisions"}],"predecessor-version":[{"id":2745,"href":"https:\/\/elmetidosv.com\/index.php?rest_route=\/wp\/v2\/posts\/2738\/revisions\/2745"}],"wp:featuredmedia":[{"embeddable":true,"href":"https:\/\/elmetidosv.com\/index.php?rest_route=\/wp\/v2\/media\/2744"}],"wp:attachment":[{"href":"https:\/\/elmetidosv.com\/index.php?rest_route=%2Fwp%2Fv2%2Fmedia&parent=2738"}],"wp:term":[{"taxonomy":"category","embeddable":true,"href":"https:\/\/elmetidosv.com\/index.php?rest_route=%2Fwp%2Fv2%2Fcategories&post=2738"},{"taxonomy":"post_tag","embeddable":true,"href":"https:\/\/elmetidosv.com\/index.php?rest_route=%2Fwp%2Fv2%2Ftags&post=2738"}],"curies":[{"name":"wp","href":"https:\/\/api.w.org\/{rel}","templated":true}]}}