{"id":2732,"date":"2020-05-11T14:17:40","date_gmt":"2020-05-11T20:17:40","guid":{"rendered":"http:\/\/elmetidosve.com\/?p=2732"},"modified":"2020-05-11T14:17:46","modified_gmt":"2020-05-11T20:17:46","slug":"familia-solidaria-dono-la-cena-de-5-dias-para-personal-medico-en-sonsonate","status":"publish","type":"post","link":"https:\/\/elmetidosv.com\/?p=2732","title":{"rendered":"Familia solidaria don\u00f3 la cena de 5 d\u00edas para personal m\u00e9dico en Sonsonate"},"content":{"rendered":"\n<figure class=\"wp-block-gallery columns-3 is-cropped wp-block-gallery-1 is-layout-flex wp-block-gallery-is-layout-flex\"><ul class=\"blocks-gallery-grid\"><li class=\"blocks-gallery-item\"><figure><img loading=\"lazy\" decoding=\"async\" width=\"1024\" height=\"677\" src=\"http:\/\/elmetidosve.com\/wp-content\/uploads\/2020\/05\/0000000000000000000000000000000000-15-1024x677.jpg\" alt=\"\" data-id=\"2733\" data-full-url=\"http:\/\/elmetidosve.com\/wp-content\/uploads\/2020\/05\/0000000000000000000000000000000000-15.jpg\" data-link=\"http:\/\/elmetidosve.com\/?attachment_id=2733\" class=\"wp-image-2733\" srcset=\"https:\/\/elmetidosv.com\/wp-content\/uploads\/2020\/05\/0000000000000000000000000000000000-15-1024x677.jpg 1024w, https:\/\/elmetidosv.com\/wp-content\/uploads\/2020\/05\/0000000000000000000000000000000000-15-300x198.jpg 300w, https:\/\/elmetidosv.com\/wp-content\/uploads\/2020\/05\/0000000000000000000000000000000000-15-768x508.jpg 768w, https:\/\/elmetidosv.com\/wp-content\/uploads\/2020\/05\/0000000000000000000000000000000000-15-1536x1015.jpg 1536w, https:\/\/elmetidosv.com\/wp-content\/uploads\/2020\/05\/0000000000000000000000000000000000-15.jpg 1770w\" sizes=\"auto, (max-width: 1024px) 100vw, 1024px\" \/><\/figure><\/li><li class=\"blocks-gallery-item\"><figure><img loading=\"lazy\" decoding=\"async\" width=\"1024\" height=\"647\" src=\"http:\/\/elmetidosve.com\/wp-content\/uploads\/2020\/05\/0000000000000000000000000-96-1024x647.jpg\" alt=\"\" data-id=\"2734\" data-full-url=\"http:\/\/elmetidosve.com\/wp-content\/uploads\/2020\/05\/0000000000000000000000000-96.jpg\" data-link=\"http:\/\/elmetidosve.com\/?attachment_id=2734\" class=\"wp-image-2734\" srcset=\"https:\/\/elmetidosv.com\/wp-content\/uploads\/2020\/05\/0000000000000000000000000-96-1024x647.jpg 1024w, https:\/\/elmetidosv.com\/wp-content\/uploads\/2020\/05\/0000000000000000000000000-96-300x189.jpg 300w, https:\/\/elmetidosv.com\/wp-content\/uploads\/2020\/05\/0000000000000000000000000-96-768x485.jpg 768w, https:\/\/elmetidosv.com\/wp-content\/uploads\/2020\/05\/0000000000000000000000000-96-1536x970.jpg 1536w, https:\/\/elmetidosv.com\/wp-content\/uploads\/2020\/05\/0000000000000000000000000-96.jpg 1824w\" sizes=\"auto, (max-width: 1024px) 100vw, 1024px\" \/><\/figure><\/li><li class=\"blocks-gallery-item\"><figure><img loading=\"lazy\" decoding=\"async\" width=\"960\" height=\"803\" src=\"http:\/\/elmetidosve.com\/wp-content\/uploads\/2020\/05\/000000000000000000-79.jpg\" alt=\"\" data-id=\"2735\" data-full-url=\"http:\/\/elmetidosve.com\/wp-content\/uploads\/2020\/05\/000000000000000000-79.jpg\" data-link=\"http:\/\/elmetidosve.com\/?attachment_id=2735\" class=\"wp-image-2735\" srcset=\"https:\/\/elmetidosv.com\/wp-content\/uploads\/2020\/05\/000000000000000000-79.jpg 960w, https:\/\/elmetidosv.com\/wp-content\/uploads\/2020\/05\/000000000000000000-79-300x251.jpg 300w, https:\/\/elmetidosv.com\/wp-content\/uploads\/2020\/05\/000000000000000000-79-768x642.jpg 768w\" sizes=\"auto, (max-width: 960px) 100vw, 960px\" \/><\/figure><\/li><\/ul><\/figure>\n\n\n\n<p>Contin\u00faan las muestras de solidaridad y gratitud con el personal m\u00e9dico que se encuentra laborando en diferentes centros m\u00e9dicos del pa\u00eds. Esta vez, en Sonsonate, una familia don\u00f3 la cena de 5 d\u00edas para el personal de salud.<\/p>\n\n\n\n<p>En el Hospital Nacional Dr. Jorge Mazzini Villacorta, se repartieron las cenas para todos los empleados \u201ccomo muestra de aprecio y apoyo por el arduo trabajo que realizan 24\/7\u201d, sostiene una publicaci\u00f3n del centro m\u00e9dico.<\/p>\n\n\n\n<p>La familia salvadore\u00f1a que brind\u00f3 este gesto se encuentra radicada en el extranjero, pero pidi\u00f3 el anonimato.<\/p>\n\n\n\n<p>Bajo las normas sanitarias se comparti\u00f3 el alimento entre los empleados, los cuales siguen laborando en medio de la cuarentena especial, bajo la cual miles de salvadore\u00f1os se encuentran confinados en sus hogares para evitar la propagaci\u00f3n del covid-19.<\/p>\n\n\n\n<p>La publicaci\u00f3n del hospital agrega: \u201cJuntos saldremos adelante, todos podemos colaborar desde nuestras capacidades para hacerle frente a la crisis internacional sanitaria\u201d.<\/p>\n","protected":false},"excerpt":{"rendered":"<p>Contin\u00faan las muestras de solidaridad y gratitud con el personal m\u00e9dico que se encuentra laborando en diferentes centros m\u00e9dicos del<\/p>\n","protected":false},"author":1,"featured_media":2736,"comment_status":"open","ping_status":"open","sticky":false,"template":"","format":"standard","meta":{"colormag_page_container_layout":"default_layout","colormag_page_sidebar_layout":"default_layout","footnotes":""},"categories":[1],"tags":[],"class_list":["post-2732","post","type-post","status-publish","format-standard","has-post-thumbnail","hentry","category-nacional"],"_links":{"self":[{"href":"https:\/\/elmetidosv.com\/index.php?rest_route=\/wp\/v2\/posts\/2732","targetHints":{"allow":["GET"]}}],"collection":[{"href":"https:\/\/elmetidosv.com\/index.php?rest_route=\/wp\/v2\/posts"}],"about":[{"href":"https:\/\/elmetidosv.com\/index.php?rest_route=\/wp\/v2\/types\/post"}],"author":[{"embeddable":true,"href":"https:\/\/elmetidosv.com\/index.php?rest_route=\/wp\/v2\/users\/1"}],"replies":[{"embeddable":true,"href":"https:\/\/elmetidosv.com\/index.php?rest_route=%2Fwp%2Fv2%2Fcomments&post=2732"}],"version-history":[{"count":1,"href":"https:\/\/elmetidosv.com\/index.php?rest_route=\/wp\/v2\/posts\/2732\/revisions"}],"predecessor-version":[{"id":2737,"href":"https:\/\/elmetidosv.com\/index.php?rest_route=\/wp\/v2\/posts\/2732\/revisions\/2737"}],"wp:featuredmedia":[{"embeddable":true,"href":"https:\/\/elmetidosv.com\/index.php?rest_route=\/wp\/v2\/media\/2736"}],"wp:attachment":[{"href":"https:\/\/elmetidosv.com\/index.php?rest_route=%2Fwp%2Fv2%2Fmedia&parent=2732"}],"wp:term":[{"taxonomy":"category","embeddable":true,"href":"https:\/\/elmetidosv.com\/index.php?rest_route=%2Fwp%2Fv2%2Fcategories&post=2732"},{"taxonomy":"post_tag","embeddable":true,"href":"https:\/\/elmetidosv.com\/index.php?rest_route=%2Fwp%2Fv2%2Ftags&post=2732"}],"curies":[{"name":"wp","href":"https:\/\/api.w.org\/{rel}","templated":true}]}}