{"id":26690,"date":"2026-05-01T17:40:34","date_gmt":"2026-05-01T23:40:34","guid":{"rendered":"https:\/\/elmetidosv.com\/?p=26690"},"modified":"2026-05-01T17:50:19","modified_gmt":"2026-05-01T23:50:19","slug":"investigan-muerte-de-menor-de-2-anos-en-santa-ana-la-madre-fue-detenida-segun-reportes-no-oficiales","status":"publish","type":"post","link":"https:\/\/elmetidosv.com\/?p=26690","title":{"rendered":"INVESTIGAN MUERTE DE MENOR DE 2 A\u00d1OS EN SANTA ANA; LA MADRE FUE DETENIDA SEGUN REPORTES NO OFICIALES"},"content":{"rendered":"\n<figure class=\"wp-block-gallery has-nested-images columns-default is-cropped wp-block-gallery-1 is-layout-flex wp-block-gallery-is-layout-flex\">\n<figure class=\"wp-block-image size-large\"><img loading=\"lazy\" decoding=\"async\" width=\"1024\" height=\"1024\" data-id=\"26694\" src=\"https:\/\/elmetidosv.com\/wp-content\/uploads\/2026\/05\/santa-4-1024x1024.jpg\" alt=\"\" class=\"wp-image-26694\" srcset=\"https:\/\/elmetidosv.com\/wp-content\/uploads\/2026\/05\/santa-4-1024x1024.jpg 1024w, https:\/\/elmetidosv.com\/wp-content\/uploads\/2026\/05\/santa-4-300x300.jpg 300w, https:\/\/elmetidosv.com\/wp-content\/uploads\/2026\/05\/santa-4-150x150.jpg 150w, https:\/\/elmetidosv.com\/wp-content\/uploads\/2026\/05\/santa-4-768x768.jpg 768w, https:\/\/elmetidosv.com\/wp-content\/uploads\/2026\/05\/santa-4.jpg 1080w\" sizes=\"auto, (max-width: 1024px) 100vw, 1024px\" \/><\/figure>\n<\/figure>\n\n\n\n<p>Las autoridades investigan la muerte de un ni\u00f1o de 2 a\u00f1os en la colonia R\u00edo Zarco, en Santa Ana, en un caso que ha generado consternaci\u00f3n entre los habitantes de la zona.<br>De acuerdo con informaci\u00f3n preliminar, la Polic\u00eda Nacional Civil (PNC) detuvo a Joselinne Esmeralda Ramos Ramos, de 19 a\u00f1os, por el delito de abandono y desamparo en perjuicio de su hijo menor.<br>Seg\u00fan los reportes, el ni\u00f1o fue trasladado al Hospital San Juan de Dios, donde ingres\u00f3 sin signos vitales.<br>Versiones que circulan en redes sociales se\u00f1alan que la madre podr\u00eda estar vinculada directamente a la muerte del menor; sin embargo, esta informaci\u00f3n no ha sido confirmada oficialmente por las autoridades.<br>La detenci\u00f3n se habr\u00eda realizado en el mismo centro asistencial, mientras se desarrollan las investigaciones correspondientes para esclarecer lo ocurrido.<br>Hasta el momento, el caso no ha sido publicado en los canales oficiales de la PNC, por lo que se mantiene en calidad de informaci\u00f3n en desarrollo.<\/p>\n\n\n\n<figure class=\"wp-block-gallery has-nested-images columns-default is-cropped wp-block-gallery-2 is-layout-flex wp-block-gallery-is-layout-flex\">\n<figure class=\"wp-block-image size-large\"><img loading=\"lazy\" decoding=\"async\" width=\"600\" height=\"480\" data-id=\"26048\" src=\"https:\/\/elmetidosv.com\/wp-content\/uploads\/2026\/04\/car-wash-1-2.jpg\" alt=\"\" class=\"wp-image-26048\" srcset=\"https:\/\/elmetidosv.com\/wp-content\/uploads\/2026\/04\/car-wash-1-2.jpg 600w, https:\/\/elmetidosv.com\/wp-content\/uploads\/2026\/04\/car-wash-1-2-300x240.jpg 300w\" sizes=\"auto, (max-width: 600px) 100vw, 600px\" \/><\/figure>\n<\/figure>\n","protected":false},"excerpt":{"rendered":"<p>Las autoridades investigan la muerte de un ni\u00f1o de 2 a\u00f1os en la colonia R\u00edo Zarco, en Santa Ana, en<\/p>\n","protected":false},"author":2,"featured_media":26691,"comment_status":"closed","ping_status":"closed","sticky":false,"template":"","format":"standard","meta":{"colormag_page_container_layout":"default_layout","colormag_page_sidebar_layout":"default_layout","footnotes":""},"categories":[1],"tags":[1809,7956,96,2884,667,380,420,22,7304,7955,5813,2584,1092,85,1098,33,7957],"class_list":["post-26690","post","type-post","status-publish","format-standard","has-post-thumbnail","hentry","category-nacional","tag-abandono","tag-abandono-y-desamparo","tag-autoridades","tag-caso-en-desarrollo","tag-detencion","tag-fallecido","tag-hospital-san-juan-de-dios","tag-investigacion","tag-madre","tag-madre-detenida","tag-menor","tag-menor-fallecido","tag-noticias","tag-pnc","tag-pnc-tags-el-salvador","tag-santa-ana","tag-violencia-infantil"],"_links":{"self":[{"href":"https:\/\/elmetidosv.com\/index.php?rest_route=\/wp\/v2\/posts\/26690","targetHints":{"allow":["GET"]}}],"collection":[{"href":"https:\/\/elmetidosv.com\/index.php?rest_route=\/wp\/v2\/posts"}],"about":[{"href":"https:\/\/elmetidosv.com\/index.php?rest_route=\/wp\/v2\/types\/post"}],"author":[{"embeddable":true,"href":"https:\/\/elmetidosv.com\/index.php?rest_route=\/wp\/v2\/users\/2"}],"replies":[{"embeddable":true,"href":"https:\/\/elmetidosv.com\/index.php?rest_route=%2Fwp%2Fv2%2Fcomments&post=26690"}],"version-history":[{"count":2,"href":"https:\/\/elmetidosv.com\/index.php?rest_route=\/wp\/v2\/posts\/26690\/revisions"}],"predecessor-version":[{"id":26695,"href":"https:\/\/elmetidosv.com\/index.php?rest_route=\/wp\/v2\/posts\/26690\/revisions\/26695"}],"wp:featuredmedia":[{"embeddable":true,"href":"https:\/\/elmetidosv.com\/index.php?rest_route=\/wp\/v2\/media\/26691"}],"wp:attachment":[{"href":"https:\/\/elmetidosv.com\/index.php?rest_route=%2Fwp%2Fv2%2Fmedia&parent=26690"}],"wp:term":[{"taxonomy":"category","embeddable":true,"href":"https:\/\/elmetidosv.com\/index.php?rest_route=%2Fwp%2Fv2%2Fcategories&post=26690"},{"taxonomy":"post_tag","embeddable":true,"href":"https:\/\/elmetidosv.com\/index.php?rest_route=%2Fwp%2Fv2%2Ftags&post=26690"}],"curies":[{"name":"wp","href":"https:\/\/api.w.org\/{rel}","templated":true}]}}