{"id":26684,"date":"2026-05-01T12:02:39","date_gmt":"2026-05-01T18:02:39","guid":{"rendered":"https:\/\/elmetidosv.com\/?p=26684"},"modified":"2026-05-01T12:02:39","modified_gmt":"2026-05-01T18:02:39","slug":"persona-queda-atrapada-tras-accidente-en-carretera-panamericana-y-es-rescatada","status":"publish","type":"post","link":"https:\/\/elmetidosv.com\/?p=26684","title":{"rendered":"PERSONA QUEDA ATRAPADA TRAS ACCIDENTE EN CARRETERA PANAMERICANA Y ES RESCATADA"},"content":{"rendered":"\n<figure class=\"wp-block-gallery has-nested-images columns-default is-cropped wp-block-gallery-1 is-layout-flex wp-block-gallery-is-layout-flex\">\n<figure class=\"wp-block-image size-large\"><img loading=\"lazy\" decoding=\"async\" width=\"768\" height=\"1024\" data-id=\"26686\" src=\"https:\/\/elmetidosv.com\/wp-content\/uploads\/2026\/05\/2-768x1024.jpg\" alt=\"\" class=\"wp-image-26686\" srcset=\"https:\/\/elmetidosv.com\/wp-content\/uploads\/2026\/05\/2-768x1024.jpg 768w, https:\/\/elmetidosv.com\/wp-content\/uploads\/2026\/05\/2-225x300.jpg 225w, https:\/\/elmetidosv.com\/wp-content\/uploads\/2026\/05\/2-1152x1536.jpg 1152w, https:\/\/elmetidosv.com\/wp-content\/uploads\/2026\/05\/2.jpg 1200w\" sizes=\"auto, (max-width: 768px) 100vw, 768px\" \/><\/figure>\n<\/figure>\n\n\n\n<p>Un accidente de tr\u00e1nsito registrado sobre la carretera Panamericana, en el tramo de Ciudad Arce hacia Santa Ana, dej\u00f3 a una persona atrapada entre los hierros de un microb\u00fas.<br>El percance ocurri\u00f3 a la altura del retorno de San Andr\u00e9s, donde se vieron involucrados un camioncito y la unidad del transporte colectivo.<\/p>\n\n\n\n<figure class=\"wp-block-gallery has-nested-images columns-default is-cropped wp-block-gallery-2 is-layout-flex wp-block-gallery-is-layout-flex\">\n<figure class=\"wp-block-image size-large\"><img loading=\"lazy\" decoding=\"async\" width=\"768\" height=\"1024\" data-id=\"26687\" src=\"https:\/\/elmetidosv.com\/wp-content\/uploads\/2026\/05\/3-768x1024.jpg\" alt=\"\" class=\"wp-image-26687\" srcset=\"https:\/\/elmetidosv.com\/wp-content\/uploads\/2026\/05\/3-768x1024.jpg 768w, https:\/\/elmetidosv.com\/wp-content\/uploads\/2026\/05\/3-225x300.jpg 225w, https:\/\/elmetidosv.com\/wp-content\/uploads\/2026\/05\/3-1152x1536.jpg 1152w, https:\/\/elmetidosv.com\/wp-content\/uploads\/2026\/05\/3.jpg 1200w\" sizes=\"auto, (max-width: 768px) 100vw, 768px\" \/><\/figure>\n<\/figure>\n\n\n\n<p><br>Equipos de Comandos de Salvamento, seccional Ciudad Arce, se movilizaron al lugar y realizaron maniobras de rescate utilizando equipo hidr\u00e1ulico, logrando liberar con \u00e9xito a la v\u00edctima.<br>Tras ser rescatada, la persona recibi\u00f3 atenci\u00f3n prehospitalaria en la escena; sin embargo, seg\u00fan los socorristas, se neg\u00f3 a ser trasladada a un centro asistencial.<br>La identidad del lesionado no fue revelada, mientras que las autoridades contin\u00faan con las investigaciones para determinar las causas del accidente.<\/p>\n\n\n\n<figure class=\"wp-block-gallery has-nested-images columns-default is-cropped wp-block-gallery-3 is-layout-flex wp-block-gallery-is-layout-flex\">\n<figure class=\"wp-block-image size-large\"><img loading=\"lazy\" decoding=\"async\" width=\"600\" height=\"480\" data-id=\"26048\" src=\"https:\/\/elmetidosv.com\/wp-content\/uploads\/2026\/04\/car-wash-1-2.jpg\" alt=\"\" class=\"wp-image-26048\" srcset=\"https:\/\/elmetidosv.com\/wp-content\/uploads\/2026\/04\/car-wash-1-2.jpg 600w, https:\/\/elmetidosv.com\/wp-content\/uploads\/2026\/04\/car-wash-1-2-300x240.jpg 300w\" sizes=\"auto, (max-width: 600px) 100vw, 600px\" \/><\/figure>\n<\/figure>\n","protected":false},"excerpt":{"rendered":"<p>Un accidente de tr\u00e1nsito registrado sobre la carretera Panamericana, en el tramo de Ciudad Arce hacia Santa Ana, dej\u00f3 a<\/p>\n","protected":false},"author":2,"featured_media":26685,"comment_status":"closed","ping_status":"","sticky":false,"template":"","format":"standard","meta":{"colormag_page_container_layout":"default_layout","colormag_page_sidebar_layout":"default_layout","footnotes":""},"categories":[1],"tags":[261,7953,96,111,7954,112,117,330,22,1092,4527,382,33,122,120],"class_list":["post-26684","post","type-post","status-publish","format-standard","has-post-thumbnail","hentry","category-nacional","tag-accidente","tag-atrapado","tag-autoridades","tag-carretera-panamericana","tag-carretera-panamericana-tags-el-salvador","tag-ciudad-arce","tag-comandos-de-salvamento","tag-emergencia","tag-investigacion","tag-noticias","tag-persona-atrapada","tag-rescate","tag-santa-ana","tag-seguridad-vial","tag-transito"],"_links":{"self":[{"href":"https:\/\/elmetidosv.com\/index.php?rest_route=\/wp\/v2\/posts\/26684","targetHints":{"allow":["GET"]}}],"collection":[{"href":"https:\/\/elmetidosv.com\/index.php?rest_route=\/wp\/v2\/posts"}],"about":[{"href":"https:\/\/elmetidosv.com\/index.php?rest_route=\/wp\/v2\/types\/post"}],"author":[{"embeddable":true,"href":"https:\/\/elmetidosv.com\/index.php?rest_route=\/wp\/v2\/users\/2"}],"replies":[{"embeddable":true,"href":"https:\/\/elmetidosv.com\/index.php?rest_route=%2Fwp%2Fv2%2Fcomments&post=26684"}],"version-history":[{"count":1,"href":"https:\/\/elmetidosv.com\/index.php?rest_route=\/wp\/v2\/posts\/26684\/revisions"}],"predecessor-version":[{"id":26689,"href":"https:\/\/elmetidosv.com\/index.php?rest_route=\/wp\/v2\/posts\/26684\/revisions\/26689"}],"wp:featuredmedia":[{"embeddable":true,"href":"https:\/\/elmetidosv.com\/index.php?rest_route=\/wp\/v2\/media\/26685"}],"wp:attachment":[{"href":"https:\/\/elmetidosv.com\/index.php?rest_route=%2Fwp%2Fv2%2Fmedia&parent=26684"}],"wp:term":[{"taxonomy":"category","embeddable":true,"href":"https:\/\/elmetidosv.com\/index.php?rest_route=%2Fwp%2Fv2%2Fcategories&post=26684"},{"taxonomy":"post_tag","embeddable":true,"href":"https:\/\/elmetidosv.com\/index.php?rest_route=%2Fwp%2Fv2%2Ftags&post=26684"}],"curies":[{"name":"wp","href":"https:\/\/api.w.org\/{rel}","templated":true}]}}